{"id":160825,"date":"2018-11-12T12:56:11","date_gmt":"2018-11-12T11:56:11","guid":{"rendered":"http:\/\/www.glitter.si\/?p=160825"},"modified":"2018-11-12T12:56:11","modified_gmt":"2018-11-12T11:56:11","slug":"salon-off-veliko-vec-kot-le-frizerski-salon","status":"publish","type":"post","link":"https:\/\/www.glitter.si\/salon-off-veliko-vec-kot-le-frizerski-salon\/","title":{"rendered":"SalON\/off &#8211; veliko ve\u010d kot le frizerski salon"},"content":{"rendered":"<p style=\"text-align: justify;\"><span lang=\"SL\">Simon Vol\u010di\u010d in Jani An\u017eelj sta mlada, nadobudna frizerja s skupno vizijo: frizersko delo ter frizerski salon (onadva svojemu pravita kar atelje) \u017eelita predstaviti v novi, sve\u017ei lu\u010di. Njune poti so se prekri\u017eale na MBFWLJ pred \u0161tirimi leti. In vse od takrat je v njiju zorela ideja o druga\u010dnem salonu. Letos sta projekt<\/span><span lang=\"SL\">\u00a0<strong>SalON\/off\u00a0<\/strong>tudi odprla in predstavila javnosti. Njun cilj je, da je salon, kjer kreirata lepe pri\u010deske, tudi prostor dru\u017eenja, mre\u017eenja ter ustvarjalnosti. Po potrebi se spremeni v galerijo in alternativni razstavni prostor. In zaenkrat so odzivi pozitivni. Poleg vrhunskih storitev, ki jih vsakodnevno izvajata, znanje pa redno nadgrajujeta po raznih izobra\u017eevanjih v tujini, prirejata raznovrstne dogodke, ki se navezujejo na frizerstvo, estetiko, umetnost in modo. Torej celosten koncept estetike, ki gre onkraj pri\u010desk.\u00a0<\/span><\/p>\n<figure id=\"attachment_160835\" aria-describedby=\"caption-attachment-160835\" style=\"width: 580px\" class=\"wp-caption aligncenter\"><img fetchpriority=\"high\" decoding=\"async\" class=\"size-full wp-image-160835\" src=\"https:\/\/www.glitter.si\/wp-content\/uploads\/IMG_8604.jpg\" alt=\"\" width=\"580\" height=\"580\" \/><figcaption id=\"caption-attachment-160835\" class=\"wp-caption-text\">Foto: osebni arhiv<\/figcaption><\/figure>\n<figure id=\"attachment_160836\" aria-describedby=\"caption-attachment-160836\" style=\"width: 580px\" class=\"wp-caption aligncenter\"><img decoding=\"async\" class=\"size-full wp-image-160836\" src=\"https:\/\/www.glitter.si\/wp-content\/uploads\/IMG-0696.jpg\" alt=\"\" width=\"580\" height=\"1031\" \/><figcaption id=\"caption-attachment-160836\" class=\"wp-caption-text\">Foto: osebni arhiv<\/figcaption><\/figure>\n<p style=\"text-align: justify;\"><strong>Kako poteka pravilna nega las ter na katere faktorje moramo biti sodobne \u017eenske \u0161e posebej pozorne, \u010de \u017eelimo imeti lepe lase?<\/strong><\/p>\n<p style=\"text-align: justify;\"><strong>Simon<\/strong>: Pravilna nega se za\u010dne \u017ee s samim umivanjem, torej pri osnovah. Zelo pomembna je pravilna izbira \u0161ampona ter balzama. Po umivanju je nujno, da se lase ne\u017eno obri\u0161e z brisa\u010do in ne frotira. Lase je potrebno dodatno nahraniti s primernimi produkti, namenjenimi va\u0161emu tipu las. Prav tako je pomembna pravilna izbira krta\u010de ter elektri\u010dnih pripomo\u010dkov za oblikovanje las. Sam odsvetujem in se pri svojem delu izogibam uporabi likalnikov in kodralnikov, ker delujejo na visokih temperaturah in ob pogosti uporabi dehidrirajo las. Najve\u010d poudarka dajem na kvalitetne ter pravilno izbrane produkte, kvalitetno krta\u010do ter profesionalni su\u0161ilnik las. Opa\u017eam, da ve\u010dina dolgolask agresivno krta\u010di lase ter jih posledi\u010dno trga. V\u010dasih \u017ee malenkostne spremembe v negi naredijo spremembo, vendar \u017eal ne \u010dez no\u010d.<\/p>\n<figure id=\"attachment_160827\" aria-describedby=\"caption-attachment-160827\" style=\"width: 580px\" class=\"wp-caption aligncenter\"><img decoding=\"async\" class=\"size-full wp-image-160827\" src=\"https:\/\/www.glitter.si\/wp-content\/uploads\/IC1_7688.jpg\" alt=\"\" width=\"580\" height=\"387\" \/><figcaption id=\"caption-attachment-160827\" class=\"wp-caption-text\">Foto: osebni arhiv<\/figcaption><\/figure>\n<figure id=\"attachment_160826\" aria-describedby=\"caption-attachment-160826\" style=\"width: 580px\" class=\"wp-caption aligncenter\"><img loading=\"lazy\" decoding=\"async\" class=\"size-full wp-image-160826\" src=\"https:\/\/www.glitter.si\/wp-content\/uploads\/2018\/11\/AB100D0D-A65A-46C7-9C26-DA2DF6DC5B7D.jpg\" alt=\"\" width=\"580\" height=\"773\" \/><figcaption id=\"caption-attachment-160826\" class=\"wp-caption-text\">Foto: osebni arhiv<\/figcaption><\/figure>\n<p style=\"text-align: justify;\"><strong>Kaj narekujejo modne smernice v tem trenutku ter kaj se nam obeta za 2019?<\/strong><\/p>\n<p style=\"text-align: justify;\"><strong>Jani<\/strong>: 2018 je leto tistih, ki imajo rade malo valovite lase, sem spada tudi \u00bbmessy hair look\u00ab, ter prosto padajo\u010di valovi, kakr\u0161ne nam naredi u\u010dinek morja. Izpostaviti moram pa tudi eleganco ravnih in sijo\u010dih las. Odtenki se gibljejo med konjak, baker, karamelno in barvo oreha.\u00a0 Trenutno bi lahko rekel, da je zelo za\u017eelen slog barvanja balayage, ki da lasu videz, kot bi ga posvetlilo sonce. Seveda je za vsak idealen videz pomemben skrbno negovan las.<\/p>\n<p style=\"text-align: justify;\">Vsako leto prinese nove smernice na podro\u010dju modne industrije, v letu 2019 pri\u010dakujem trend bob in pixie frizur, \u0161e bolj pa bo v ospredje postavljen naravni izgled. Pretirano urejenih frizur letos ne bo na vidiku. Predvidevam, da bodo kratke frizure ohranile svojo priljubljenost in da se bodo pri\u010deske vseh vrst \u0161e dodatno skraj\u0161ale. \u017denske s skodranimi lasmi bodo pri\u0161le na svoj ra\u010dun, vmes pa bo vpletena tudi kak\u0161na kitka.<\/p>\n<figure id=\"attachment_160829\" aria-describedby=\"caption-attachment-160829\" style=\"width: 580px\" class=\"wp-caption aligncenter\"><img loading=\"lazy\" decoding=\"async\" class=\"size-full wp-image-160829\" src=\"https:\/\/www.glitter.si\/wp-content\/uploads\/IC1_7769.jpg\" alt=\"\" width=\"580\" height=\"869\" \/><figcaption id=\"caption-attachment-160829\" class=\"wp-caption-text\">Foto: osebni arhiv<\/figcaption><\/figure>\n<figure id=\"attachment_160830\" aria-describedby=\"caption-attachment-160830\" style=\"width: 580px\" class=\"wp-caption aligncenter\"><img loading=\"lazy\" decoding=\"async\" class=\"size-full wp-image-160830\" src=\"https:\/\/www.glitter.si\/wp-content\/uploads\/IMG_0558.jpg\" alt=\"\" width=\"580\" height=\"580\" \/><figcaption id=\"caption-attachment-160830\" class=\"wp-caption-text\">Foto: osebni arhiv<\/figcaption><\/figure>\n<p style=\"text-align: justify;\"><strong>Katere so najpogostej\u0161e napake, ki jih \u017eenske delamo z lasmi?<\/strong><\/p>\n<p style=\"text-align: justify;\"><strong>Simon<\/strong>: Lahko se nave\u017eem na prvo vpra\u0161anje: najpogostej\u0161e napake se dogajajo pri grobem \u010desanju ter frotiranju las z brisa\u010do. Z lasmi je potrebna ne\u017enost in previdnost. Druga najve\u010dja napaka je nepravilna uporaba su\u0161ilnika za lase (su\u0161enje le zgornjih las brez oddelitve ter su\u0161enje na previsoki temperaturi) ter prepogosta uporaba likalnikov in kodralnikov. Zaradi teh napak prihaja do izsu\u0161enih las in lomljenja konic. Prav tako odsvetujem hitre spremembe pri svetlenju, na primer prehod iz temnega odtenka na svetlega mora biti postopen, v\u010dasih je potrebnih ve\u010d obiskov, na kar marsikatera stranka ni pripravljena. Seveda je mo\u017eno kon\u010dni rezultat dose\u010di zelo hitro, vendar so tu posledica po\u0161kodovani in izsu\u0161eni lasje.<\/p>\n<figure id=\"attachment_160828\" aria-describedby=\"caption-attachment-160828\" style=\"width: 580px\" class=\"wp-caption aligncenter\"><img loading=\"lazy\" decoding=\"async\" class=\"size-full wp-image-160828\" src=\"https:\/\/www.glitter.si\/wp-content\/uploads\/IC1_7727.jpg\" alt=\"\" width=\"580\" height=\"387\" \/><figcaption id=\"caption-attachment-160828\" class=\"wp-caption-text\">Foto: osebni arhiv<\/figcaption><\/figure>\n<figure id=\"attachment_160831\" aria-describedby=\"caption-attachment-160831\" style=\"width: 580px\" class=\"wp-caption aligncenter\"><img loading=\"lazy\" decoding=\"async\" class=\"size-full wp-image-160831\" src=\"https:\/\/www.glitter.si\/wp-content\/uploads\/IMG_0588.jpg\" alt=\"\" width=\"580\" height=\"725\" \/><figcaption id=\"caption-attachment-160831\" class=\"wp-caption-text\">Foto: osebni arhiv<\/figcaption><\/figure>\n<figure id=\"attachment_160841\" aria-describedby=\"caption-attachment-160841\" style=\"width: 580px\" class=\"wp-caption aligncenter\"><img loading=\"lazy\" decoding=\"async\" class=\"size-full wp-image-160841\" src=\"https:\/\/www.glitter.si\/wp-content\/uploads\/IMG-1275.jpg\" alt=\"\" width=\"580\" height=\"725\" \/><figcaption id=\"caption-attachment-160841\" class=\"wp-caption-text\">Foto: osebni arhiv<\/figcaption><\/figure>\n<p style=\"text-align: justify;\"><strong>Bli\u017eajo se tudi prazniki in december je \u010das zabav. Ima\u0161 kak\u0161en nasvet za lepo, glamour in seksi pri\u010desko?<\/strong><\/p>\n<p style=\"text-align: justify;\"><strong>Jani<\/strong>: Glamurozne pri\u010deske se lahko ustvarijo z zapeljivimi valovi, nazaj prihaja tudi pre\u010dka na stran. Navdih bi lahko na\u0161li v starem Hollywoodu. Seveda je obleka tista, ki bo narekovala ali bodo lasje speti ali ne. V kolikor je obleka bolj zaprtega tipa, predlagam spete lase. Lahko je to figa na strani, kitka ali pa kombinacija obeh, pri spetih pri\u010deskah se lahko uporabijo tudi izrazitej\u0161i modni dodatki. Zelo trendi pa so tudi \u00bbmehko spete\u00ab pri\u010deske s pridihom rustikalnega stila. Pomembna je oblika obraza in seveda nakit. Vsaka ima unikaten obraz, zato moram izbrati temu primerno pri\u010desko.<\/p>\n<figure id=\"attachment_160832\" aria-describedby=\"caption-attachment-160832\" style=\"width: 580px\" class=\"wp-caption aligncenter\"><img loading=\"lazy\" decoding=\"async\" class=\"size-full wp-image-160832\" src=\"https:\/\/www.glitter.si\/wp-content\/uploads\/IMG_1842.jpg\" alt=\"\" width=\"580\" height=\"726\" \/><figcaption id=\"caption-attachment-160832\" class=\"wp-caption-text\">Foto: osebni arhiv<\/figcaption><\/figure>\n<figure id=\"attachment_160833\" aria-describedby=\"caption-attachment-160833\" style=\"width: 580px\" class=\"wp-caption aligncenter\"><img loading=\"lazy\" decoding=\"async\" class=\"size-full wp-image-160833\" src=\"https:\/\/www.glitter.si\/wp-content\/uploads\/IMG_1843.jpg\" alt=\"\" width=\"580\" height=\"583\" \/><figcaption id=\"caption-attachment-160833\" class=\"wp-caption-text\">Foto: osebni arhiv<\/figcaption><\/figure>\n<figure id=\"attachment_160834\" aria-describedby=\"caption-attachment-160834\" style=\"width: 580px\" class=\"wp-caption aligncenter\"><img loading=\"lazy\" decoding=\"async\" class=\"size-full wp-image-160834\" src=\"https:\/\/www.glitter.si\/wp-content\/uploads\/IMG_1844.jpg\" alt=\"\" width=\"580\" height=\"737\" \/><figcaption id=\"caption-attachment-160834\" class=\"wp-caption-text\">Foto: osebni arhiv<\/figcaption><\/figure>\n<figure id=\"attachment_160840\" aria-describedby=\"caption-attachment-160840\" style=\"width: 580px\" class=\"wp-caption aligncenter\"><img loading=\"lazy\" decoding=\"async\" class=\"size-full wp-image-160840\" src=\"https:\/\/www.glitter.si\/wp-content\/uploads\/IMG-1269.jpg\" alt=\"\" width=\"580\" height=\"870\" \/><figcaption id=\"caption-attachment-160840\" class=\"wp-caption-text\">Foto: osebni arhiv<\/figcaption><\/figure>\n<p style=\"text-align: justify;\"><strong>Mnogo \u017eensk se danes barva tudi doma in razlogov je veliko, vsekakor tudi pomanjkanje \u010dasa in kan\u010dek lenobe. Je barvanje doma varno?<\/strong><\/p>\n<p style=\"text-align: justify;\"><strong>Simon<\/strong>: Barvanje doma odsvetujem, ker so trgovinske barve v ve\u010dini primerov bolj agresivne, poleg tega pa vsebujejo tekstilne barve. Taka barva je prilagojena, da deluje na vseh tipih ter tonih las, vendar se kljub temu lahko zgodi, da barva pri doma\u010di uporabi izpade druga\u010de kot je prikazano v reklami ali na embala\u017ei. Posebno previdnost svetujem pri izbiri svetlih ali blond odtenkov. Te\u017eava nastane pri sami aplikaciji barve, \u010demur botrujeta neznanje in neizku\u0161enost, saj je barva za celotno dol\u017eino las enaka. V salonu se na konice nana\u0161a druga\u010dno barvo kot na narastek, z razlogom, da se las \u010dim manj po\u0161koduje.<\/p>\n<figure id=\"attachment_160837\" aria-describedby=\"caption-attachment-160837\" style=\"width: 580px\" class=\"wp-caption aligncenter\"><img loading=\"lazy\" decoding=\"async\" class=\"size-full wp-image-160837\" src=\"https:\/\/www.glitter.si\/wp-content\/uploads\/IMG-1174.jpg\" alt=\"\" width=\"580\" height=\"580\" \/><figcaption id=\"caption-attachment-160837\" class=\"wp-caption-text\">Foto: osebni arhiv<\/figcaption><\/figure>\n<figure id=\"attachment_160838\" aria-describedby=\"caption-attachment-160838\" style=\"width: 580px\" class=\"wp-caption aligncenter\"><img loading=\"lazy\" decoding=\"async\" class=\"size-full wp-image-160838\" src=\"https:\/\/www.glitter.si\/wp-content\/uploads\/IMG-1187.jpg\" alt=\"\" width=\"580\" height=\"765\" \/><figcaption id=\"caption-attachment-160838\" class=\"wp-caption-text\">Foto: osebni arhiv<\/figcaption><\/figure>\n<figure id=\"attachment_160839\" aria-describedby=\"caption-attachment-160839\" style=\"width: 580px\" class=\"wp-caption aligncenter\"><img loading=\"lazy\" decoding=\"async\" class=\"size-full wp-image-160839\" src=\"https:\/\/www.glitter.si\/wp-content\/uploads\/IMG-1261.jpg\" alt=\"\" width=\"580\" height=\"580\" \/><figcaption id=\"caption-attachment-160839\" class=\"wp-caption-text\">Foto: osebni arhiv<\/figcaption><\/figure>\n<p style=\"text-align: justify;\"><strong>Kaj te pri tvojem delu najbolj navdu\u0161uje?<\/strong><\/p>\n<p style=\"text-align: justify;\"><strong>Simon in Jani<\/strong>: Kreativnost, ki se poka\u017ee, ko se nama stranka popolnoma prepusti in nama pusti proste roke ter zadovoljne stranke, ki se vra\u010dajo. In seveda vsakodnevni izzivi. Pravijo, da se frizer dotakne prav toliko src kot las. S stranko se potrudiva vzpostaviti zaupanje in pristen odnos: zavedava se, da je sam proces, od umivanja do stiliranja, lahko precej intimen in za uspe\u0161en proces je pomembna ne le u\u010dinkovita komunikacija, temve\u010d obojestransko zaupanje ter spo\u0161tovanje \u017eelja in pri\u010dakovanj.<\/p>\n<p><img loading=\"lazy\" decoding=\"async\" class=\"alignnone wp-image-699 size-full\" src=\"https:\/\/www.glitter.si\/wp-content\/uploads\/podpis1.png\" alt=\"\" width=\"100\" height=\"64\" \/><\/p>\n","protected":false},"excerpt":{"rendered":"<p>Je prostor za modo, lepoto in estetiko nasploh. Je kraj, kjer se boste po\u010dutili ne le dobro, temve\u010d tudi uravnove\u0161eno. In razlogov je veliko.<\/p>\n","protected":false},"author":4,"featured_media":160828,"comment_status":"open","ping_status":"closed","sticky":false,"template":"","format":"standard","meta":{"footnotes":""},"categories":[12,23,26,29],"tags":[4674,6126,7912,9568,10549,13259,14409,14871,15762,16786],"class_list":{"0":"post-160825","1":"post","2":"type-post","3":"status-publish","4":"format-standard","5":"has-post-thumbnail","7":"category-moda","8":"category-slovenska-moda","9":"category-trendi","10":"category-zdravje-in-lepota","11":"tag-frizure","12":"tag-jani-anzelj","13":"tag-lepota","14":"tag-moda","15":"tag-nega-las","16":"tag-priceske-2","17":"tag-salon-off","18":"tag-simon-volcic","19":"tag-stil","20":"tag-trendi"},"yoast_head":"<!-- This site is optimized with the Yoast SEO plugin v27.4 - https:\/\/yoast.com\/product\/yoast-seo-wordpress\/ -->\n<title>SalON\/off - veliko ve\u010d kot le frizerski salon - Glitter.si<\/title>\n<meta name=\"robots\" content=\"index, follow, max-snippet:-1, max-image-preview:large, max-video-preview:-1\" \/>\n<link rel=\"canonical\" href=\"https:\/\/www.glitter.si\/salon-off-veliko-vec-kot-le-frizerski-salon\/\" \/>\n<meta property=\"og:locale\" content=\"sl_SI\" \/>\n<meta property=\"og:type\" content=\"article\" \/>\n<meta property=\"og:title\" content=\"SalON\/off - veliko ve\u010d kot le frizerski salon - Glitter.si\" \/>\n<meta property=\"og:description\" content=\"Je prostor za modo, lepoto in estetiko nasploh. Je kraj, kjer se boste po\u010dutili ne le dobro, temve\u010d tudi uravnove\u0161eno. In razlogov je veliko.\" \/>\n<meta property=\"og:url\" content=\"https:\/\/www.glitter.si\/salon-off-veliko-vec-kot-le-frizerski-salon\/\" \/>\n<meta property=\"og:site_name\" content=\"Glitter.si\" \/>\n<meta property=\"article:published_time\" content=\"2018-11-12T11:56:11+00:00\" \/>\n<meta property=\"og:image\" content=\"https:\/\/www.glitter.si\/wp-content\/uploads\/2018\/11\/IC1_7727.jpg\" \/>\n\t<meta property=\"og:image:width\" content=\"580\" \/>\n\t<meta property=\"og:image:height\" content=\"387\" \/>\n\t<meta property=\"og:image:type\" content=\"image\/jpeg\" \/>\n<meta name=\"author\" content=\"Lorella Flego\" \/>\n<meta name=\"twitter:card\" content=\"summary_large_image\" \/>\n<meta name=\"twitter:label1\" content=\"Written by\" \/>\n\t<meta name=\"twitter:data1\" content=\"Lorella Flego\" \/>\n\t<meta name=\"twitter:label2\" content=\"Est. reading time\" \/>\n\t<meta name=\"twitter:data2\" content=\"6 minut\" \/>\n<script type=\"application\/ld+json\" class=\"yoast-schema-graph\">{\"@context\":\"https:\\\/\\\/schema.org\",\"@graph\":[{\"@type\":\"Article\",\"@id\":\"https:\\\/\\\/www.glitter.si\\\/salon-off-veliko-vec-kot-le-frizerski-salon\\\/#article\",\"isPartOf\":{\"@id\":\"https:\\\/\\\/www.glitter.si\\\/salon-off-veliko-vec-kot-le-frizerski-salon\\\/\"},\"author\":{\"name\":\"Lorella Flego\",\"@id\":\"https:\\\/\\\/www.glitter.si\\\/#\\\/schema\\\/person\\\/9a4d78dad37a90f82a094abee49027ba\"},\"headline\":\"SalON\\\/off &#8211; veliko ve\u010d kot le frizerski salon\",\"datePublished\":\"2018-11-12T11:56:11+00:00\",\"mainEntityOfPage\":{\"@id\":\"https:\\\/\\\/www.glitter.si\\\/salon-off-veliko-vec-kot-le-frizerski-salon\\\/\"},\"wordCount\":1112,\"commentCount\":0,\"image\":{\"@id\":\"https:\\\/\\\/www.glitter.si\\\/salon-off-veliko-vec-kot-le-frizerski-salon\\\/#primaryimage\"},\"thumbnailUrl\":\"https:\\\/\\\/www.glitter.si\\\/wp-content\\\/uploads\\\/2018\\\/11\\\/IC1_7727.jpg\",\"keywords\":[\"frizure\",\"jani an\u017eelj\",\"lepota\",\"moda\",\"nega las\",\"PRI\u010cESKE\",\"salON\\\/off\",\"simon vol\u010di\u010d\",\"stil\",\"trendi\"],\"articleSection\":[\"Moda\",\"Slovenska moda\",\"Trendi\",\"Zdravje in lepota\"],\"inLanguage\":\"sl-SI\",\"potentialAction\":[{\"@type\":\"CommentAction\",\"name\":\"Comment\",\"target\":[\"https:\\\/\\\/www.glitter.si\\\/salon-off-veliko-vec-kot-le-frizerski-salon\\\/#respond\"]}]},{\"@type\":\"WebPage\",\"@id\":\"https:\\\/\\\/www.glitter.si\\\/salon-off-veliko-vec-kot-le-frizerski-salon\\\/\",\"url\":\"https:\\\/\\\/www.glitter.si\\\/salon-off-veliko-vec-kot-le-frizerski-salon\\\/\",\"name\":\"SalON\\\/off - veliko ve\u010d kot le frizerski salon - Glitter.si\",\"isPartOf\":{\"@id\":\"https:\\\/\\\/www.glitter.si\\\/#website\"},\"primaryImageOfPage\":{\"@id\":\"https:\\\/\\\/www.glitter.si\\\/salon-off-veliko-vec-kot-le-frizerski-salon\\\/#primaryimage\"},\"image\":{\"@id\":\"https:\\\/\\\/www.glitter.si\\\/salon-off-veliko-vec-kot-le-frizerski-salon\\\/#primaryimage\"},\"thumbnailUrl\":\"https:\\\/\\\/www.glitter.si\\\/wp-content\\\/uploads\\\/2018\\\/11\\\/IC1_7727.jpg\",\"datePublished\":\"2018-11-12T11:56:11+00:00\",\"author\":{\"@id\":\"https:\\\/\\\/www.glitter.si\\\/#\\\/schema\\\/person\\\/9a4d78dad37a90f82a094abee49027ba\"},\"breadcrumb\":{\"@id\":\"https:\\\/\\\/www.glitter.si\\\/salon-off-veliko-vec-kot-le-frizerski-salon\\\/#breadcrumb\"},\"inLanguage\":\"sl-SI\",\"potentialAction\":[{\"@type\":\"ReadAction\",\"target\":[\"https:\\\/\\\/www.glitter.si\\\/salon-off-veliko-vec-kot-le-frizerski-salon\\\/\"]}]},{\"@type\":\"ImageObject\",\"inLanguage\":\"sl-SI\",\"@id\":\"https:\\\/\\\/www.glitter.si\\\/salon-off-veliko-vec-kot-le-frizerski-salon\\\/#primaryimage\",\"url\":\"https:\\\/\\\/www.glitter.si\\\/wp-content\\\/uploads\\\/2018\\\/11\\\/IC1_7727.jpg\",\"contentUrl\":\"https:\\\/\\\/www.glitter.si\\\/wp-content\\\/uploads\\\/2018\\\/11\\\/IC1_7727.jpg\",\"width\":580,\"height\":387,\"caption\":\"Foto: osebni arhiv\"},{\"@type\":\"BreadcrumbList\",\"@id\":\"https:\\\/\\\/www.glitter.si\\\/salon-off-veliko-vec-kot-le-frizerski-salon\\\/#breadcrumb\",\"itemListElement\":[{\"@type\":\"ListItem\",\"position\":1,\"name\":\"Home\",\"item\":\"https:\\\/\\\/www.glitter.si\\\/\"},{\"@type\":\"ListItem\",\"position\":2,\"name\":\"SalON\\\/off &#8211; veliko ve\u010d kot le frizerski salon\"}]},{\"@type\":\"WebSite\",\"@id\":\"https:\\\/\\\/www.glitter.si\\\/#website\",\"url\":\"https:\\\/\\\/www.glitter.si\\\/\",\"name\":\"Glitter.si\",\"description\":\"spletna stran o vsem lepem\",\"potentialAction\":[{\"@type\":\"SearchAction\",\"target\":{\"@type\":\"EntryPoint\",\"urlTemplate\":\"https:\\\/\\\/www.glitter.si\\\/?s={search_term_string}\"},\"query-input\":{\"@type\":\"PropertyValueSpecification\",\"valueRequired\":true,\"valueName\":\"search_term_string\"}}],\"inLanguage\":\"sl-SI\"},{\"@type\":\"Person\",\"@id\":\"https:\\\/\\\/www.glitter.si\\\/#\\\/schema\\\/person\\\/9a4d78dad37a90f82a094abee49027ba\",\"name\":\"Lorella Flego\",\"image\":{\"@type\":\"ImageObject\",\"inLanguage\":\"sl-SI\",\"@id\":\"https:\\\/\\\/www.glitter.si\\\/wp-content\\\/uploads\\\/2026\\\/04\\\/Blog-lorella2-skort-airmesh2.jpg\",\"url\":\"https:\\\/\\\/www.glitter.si\\\/wp-content\\\/uploads\\\/2026\\\/04\\\/Blog-lorella2-skort-airmesh2.jpg\",\"contentUrl\":\"https:\\\/\\\/www.glitter.si\\\/wp-content\\\/uploads\\\/2026\\\/04\\\/Blog-lorella2-skort-airmesh2.jpg\",\"caption\":\"Lorella Flego\"},\"description\":\"Obo\u017eujem biti \u017eenska in tega ne bi zamenjala za ni\u010d na svetu. Moda mi je bila polo\u017eena v zibelko, v njeni dru\u017ebi pa mi ni nikoli dolg\u010das. Glitter.si je moj osebni pogled v svet, ki je v\u010dasih ro\u017enato obarvan, drugi\u010d di\u0161i po \u010dlove\u0161kih odnosih in psihologiji, tretji\u010d je lahkoten in prijeten, kot bi se nahajal na krilih ka\u010djega pastirja.\",\"url\":\"https:\\\/\\\/www.glitter.si\\\/author\\\/lorella\\\/\"}]}<\/script>\n<!-- \/ Yoast SEO plugin. -->","yoast_head_json":{"title":"SalON\/off - veliko ve\u010d kot le frizerski salon - Glitter.si","robots":{"index":"index","follow":"follow","max-snippet":"max-snippet:-1","max-image-preview":"max-image-preview:large","max-video-preview":"max-video-preview:-1"},"canonical":"https:\/\/www.glitter.si\/salon-off-veliko-vec-kot-le-frizerski-salon\/","og_locale":"sl_SI","og_type":"article","og_title":"SalON\/off - veliko ve\u010d kot le frizerski salon - Glitter.si","og_description":"Je prostor za modo, lepoto in estetiko nasploh. Je kraj, kjer se boste po\u010dutili ne le dobro, temve\u010d tudi uravnove\u0161eno. In razlogov je veliko.","og_url":"https:\/\/www.glitter.si\/salon-off-veliko-vec-kot-le-frizerski-salon\/","og_site_name":"Glitter.si","article_published_time":"2018-11-12T11:56:11+00:00","og_image":[{"width":580,"height":387,"url":"https:\/\/www.glitter.si\/wp-content\/uploads\/2018\/11\/IC1_7727.jpg","type":"image\/jpeg"}],"author":"Lorella Flego","twitter_card":"summary_large_image","twitter_misc":{"Written by":"Lorella Flego","Est. reading time":"6 minut"},"schema":{"@context":"https:\/\/schema.org","@graph":[{"@type":"Article","@id":"https:\/\/www.glitter.si\/salon-off-veliko-vec-kot-le-frizerski-salon\/#article","isPartOf":{"@id":"https:\/\/www.glitter.si\/salon-off-veliko-vec-kot-le-frizerski-salon\/"},"author":{"name":"Lorella Flego","@id":"https:\/\/www.glitter.si\/#\/schema\/person\/9a4d78dad37a90f82a094abee49027ba"},"headline":"SalON\/off &#8211; veliko ve\u010d kot le frizerski salon","datePublished":"2018-11-12T11:56:11+00:00","mainEntityOfPage":{"@id":"https:\/\/www.glitter.si\/salon-off-veliko-vec-kot-le-frizerski-salon\/"},"wordCount":1112,"commentCount":0,"image":{"@id":"https:\/\/www.glitter.si\/salon-off-veliko-vec-kot-le-frizerski-salon\/#primaryimage"},"thumbnailUrl":"https:\/\/www.glitter.si\/wp-content\/uploads\/2018\/11\/IC1_7727.jpg","keywords":["frizure","jani an\u017eelj","lepota","moda","nega las","PRI\u010cESKE","salON\/off","simon vol\u010di\u010d","stil","trendi"],"articleSection":["Moda","Slovenska moda","Trendi","Zdravje in lepota"],"inLanguage":"sl-SI","potentialAction":[{"@type":"CommentAction","name":"Comment","target":["https:\/\/www.glitter.si\/salon-off-veliko-vec-kot-le-frizerski-salon\/#respond"]}]},{"@type":"WebPage","@id":"https:\/\/www.glitter.si\/salon-off-veliko-vec-kot-le-frizerski-salon\/","url":"https:\/\/www.glitter.si\/salon-off-veliko-vec-kot-le-frizerski-salon\/","name":"SalON\/off - veliko ve\u010d kot le frizerski salon - Glitter.si","isPartOf":{"@id":"https:\/\/www.glitter.si\/#website"},"primaryImageOfPage":{"@id":"https:\/\/www.glitter.si\/salon-off-veliko-vec-kot-le-frizerski-salon\/#primaryimage"},"image":{"@id":"https:\/\/www.glitter.si\/salon-off-veliko-vec-kot-le-frizerski-salon\/#primaryimage"},"thumbnailUrl":"https:\/\/www.glitter.si\/wp-content\/uploads\/2018\/11\/IC1_7727.jpg","datePublished":"2018-11-12T11:56:11+00:00","author":{"@id":"https:\/\/www.glitter.si\/#\/schema\/person\/9a4d78dad37a90f82a094abee49027ba"},"breadcrumb":{"@id":"https:\/\/www.glitter.si\/salon-off-veliko-vec-kot-le-frizerski-salon\/#breadcrumb"},"inLanguage":"sl-SI","potentialAction":[{"@type":"ReadAction","target":["https:\/\/www.glitter.si\/salon-off-veliko-vec-kot-le-frizerski-salon\/"]}]},{"@type":"ImageObject","inLanguage":"sl-SI","@id":"https:\/\/www.glitter.si\/salon-off-veliko-vec-kot-le-frizerski-salon\/#primaryimage","url":"https:\/\/www.glitter.si\/wp-content\/uploads\/2018\/11\/IC1_7727.jpg","contentUrl":"https:\/\/www.glitter.si\/wp-content\/uploads\/2018\/11\/IC1_7727.jpg","width":580,"height":387,"caption":"Foto: osebni arhiv"},{"@type":"BreadcrumbList","@id":"https:\/\/www.glitter.si\/salon-off-veliko-vec-kot-le-frizerski-salon\/#breadcrumb","itemListElement":[{"@type":"ListItem","position":1,"name":"Home","item":"https:\/\/www.glitter.si\/"},{"@type":"ListItem","position":2,"name":"SalON\/off &#8211; veliko ve\u010d kot le frizerski salon"}]},{"@type":"WebSite","@id":"https:\/\/www.glitter.si\/#website","url":"https:\/\/www.glitter.si\/","name":"Glitter.si","description":"spletna stran o vsem lepem","potentialAction":[{"@type":"SearchAction","target":{"@type":"EntryPoint","urlTemplate":"https:\/\/www.glitter.si\/?s={search_term_string}"},"query-input":{"@type":"PropertyValueSpecification","valueRequired":true,"valueName":"search_term_string"}}],"inLanguage":"sl-SI"},{"@type":"Person","@id":"https:\/\/www.glitter.si\/#\/schema\/person\/9a4d78dad37a90f82a094abee49027ba","name":"Lorella Flego","image":{"@type":"ImageObject","inLanguage":"sl-SI","@id":"https:\/\/www.glitter.si\/wp-content\/uploads\/2026\/04\/Blog-lorella2-skort-airmesh2.jpg","url":"https:\/\/www.glitter.si\/wp-content\/uploads\/2026\/04\/Blog-lorella2-skort-airmesh2.jpg","contentUrl":"https:\/\/www.glitter.si\/wp-content\/uploads\/2026\/04\/Blog-lorella2-skort-airmesh2.jpg","caption":"Lorella Flego"},"description":"Obo\u017eujem biti \u017eenska in tega ne bi zamenjala za ni\u010d na svetu. Moda mi je bila polo\u017eena v zibelko, v njeni dru\u017ebi pa mi ni nikoli dolg\u010das. Glitter.si je moj osebni pogled v svet, ki je v\u010dasih ro\u017enato obarvan, drugi\u010d di\u0161i po \u010dlove\u0161kih odnosih in psihologiji, tretji\u010d je lahkoten in prijeten, kot bi se nahajal na krilih ka\u010djega pastirja.","url":"https:\/\/www.glitter.si\/author\/lorella\/"}]}},"_links":{"self":[{"href":"https:\/\/www.glitter.si\/wp-json\/wp\/v2\/posts\/160825","targetHints":{"allow":["GET"]}}],"collection":[{"href":"https:\/\/www.glitter.si\/wp-json\/wp\/v2\/posts"}],"about":[{"href":"https:\/\/www.glitter.si\/wp-json\/wp\/v2\/types\/post"}],"author":[{"embeddable":true,"href":"https:\/\/www.glitter.si\/wp-json\/wp\/v2\/users\/4"}],"replies":[{"embeddable":true,"href":"https:\/\/www.glitter.si\/wp-json\/wp\/v2\/comments?post=160825"}],"version-history":[{"count":0,"href":"https:\/\/www.glitter.si\/wp-json\/wp\/v2\/posts\/160825\/revisions"}],"wp:featuredmedia":[{"embeddable":true,"href":"https:\/\/www.glitter.si\/wp-json\/wp\/v2\/media\/160828"}],"wp:attachment":[{"href":"https:\/\/www.glitter.si\/wp-json\/wp\/v2\/media?parent=160825"}],"wp:term":[{"taxonomy":"category","embeddable":true,"href":"https:\/\/www.glitter.si\/wp-json\/wp\/v2\/categories?post=160825"},{"taxonomy":"post_tag","embeddable":true,"href":"https:\/\/www.glitter.si\/wp-json\/wp\/v2\/tags?post=160825"}],"curies":[{"name":"wp","href":"https:\/\/api.w.org\/{rel}","templated":true}]}}