{"id":193736,"date":"2020-07-03T09:47:13","date_gmt":"2020-07-03T07:47:13","guid":{"rendered":"https:\/\/www.glitter.si\/?p=193736"},"modified":"2020-07-03T09:47:13","modified_gmt":"2020-07-03T07:47:13","slug":"cesa-sem-se-naucila-po-karanteni","status":"publish","type":"post","link":"https:\/\/www.glitter.si\/?p=193736","title":{"rendered":"\u010cesa sem se nau\u010dila po karanteni"},"content":{"rendered":"<p style=\"text-align: justify;\">Ko sem zadnji\u010d sedela pod drevesi in na milem soncu s prijateljico pila odli\u010dno kavo ter dovolila, da se je pogled kar izgubil v neskon\u010dnost \u010darobnega vrta, me je nekaj pre\u0161inilo. V njenih o\u010deh sem videla, da mi mora povedati nekaj pomembnega in zdelo se mi je, da me zna presenetiti. &#8220;Dovolj je bilo&#8221;, mi je potihem povedala, &#8220;ta situacija s korona virusom mi je odprla o\u010di, veliko sem razmi\u0161ljala, predvsem o delu in odnosih, in ugotovila, da mi v \u010dasu karantene ni manjkalo ni\u010d, \u0161e najmanj tisti, s katerimi te\u017eko izhajam. Zdaj vem, kaj ho\u010dem, in mislim, da je \u010das za spremembo.&#8221; In tako je moja ljuba prijateljica pustila vse. Od nekdaj si \u017eeli potovati in zaradi napornega dela se je ta strast ustavila. Rada je v dru\u017ebi in obo\u017euje restavracije ter cocktaile na pla\u017ei. Vem, dokaj enostavne stvari, a ko si neprestano v pogonu, preprosto ne zmore\u0161 in postane vsaka majhna stvar nekaj ogromnega.<\/p>\n<figure id=\"attachment_193748\" aria-describedby=\"caption-attachment-193748\" style=\"width: 734px\" class=\"wp-caption aligncenter\"><img fetchpriority=\"high\" decoding=\"async\" class=\"size-full wp-image-193748\" src=\"https:\/\/www.glitter.si\/wp-content\/uploads\/ZEN9863-1.jpg\" alt=\"\" width=\"734\" height=\"1100\" \/><figcaption id=\"caption-attachment-193748\" class=\"wp-caption-text\">Foto: Zen<\/figcaption><\/figure>\n<figure id=\"attachment_193749\" aria-describedby=\"caption-attachment-193749\" style=\"width: 900px\" class=\"wp-caption aligncenter\"><img decoding=\"async\" class=\"size-full wp-image-193749\" src=\"https:\/\/www.glitter.si\/wp-content\/uploads\/ZEN9868.jpg\" alt=\"\" width=\"900\" height=\"601\" \/><figcaption id=\"caption-attachment-193749\" class=\"wp-caption-text\">Foto: Zen<\/figcaption><\/figure>\n<figure id=\"attachment_193753\" aria-describedby=\"caption-attachment-193753\" style=\"width: 900px\" class=\"wp-caption aligncenter\"><img decoding=\"async\" class=\"size-full wp-image-193753\" src=\"https:\/\/www.glitter.si\/wp-content\/uploads\/ZEN9902.jpg\" alt=\"\" width=\"900\" height=\"601\" \/><figcaption id=\"caption-attachment-193753\" class=\"wp-caption-text\">Foto: Zen<\/figcaption><\/figure>\n<figure id=\"attachment_193751\" aria-describedby=\"caption-attachment-193751\" style=\"width: 900px\" class=\"wp-caption aligncenter\"><img loading=\"lazy\" decoding=\"async\" class=\"size-full wp-image-193751\" src=\"https:\/\/www.glitter.si\/wp-content\/uploads\/ZEN9878.jpg\" alt=\"\" width=\"900\" height=\"601\" \/><figcaption id=\"caption-attachment-193751\" class=\"wp-caption-text\">Foto: Zen<\/figcaption><\/figure>\n<p style=\"text-align: justify;\">Ob\u010dudujem take ljudi, ki so znali prav zdaj potegniti \u010drto in poslu\u0161ati sebe. Ob\u010dudujem jih, ker niso le poslu\u0161ali, temve\u010d tudi sli\u0161ali in razumeli, kar ni tako enostavno. Tudi sama sem sebi dala ogromno prilo\u017enosti in si dovolila, da vse skupaj upo\u010dasnim, bilo je super, dokler je trajalo, a je moje \u017eivljenje tako noro dinami\u010dno in nabito z vsem, da se prav gotovo te\u017eko ustavim in, kdo ve, morda si tega v resnici niti ne \u017eelim. Tako sem za\u010dela razmi\u0161ljati o stvareh, ki sem se jih sedaj nau\u010dila in o tistih, ki sem jih dobro razumela. Nastal je seznam, ki je morda tudi va\u0161, morda pa bi tudi ve kaj dodale in je vsak predlog dobrodo\u0161el. Kar je dobro, je dejstvo, da ni\u010d ni ve\u010d samoumevno, vse je dragoceno, v meni in okoli mene.<\/p>\n<ul>\n<li style=\"text-align: justify;\">\n<figure id=\"attachment_193750\" aria-describedby=\"caption-attachment-193750\" style=\"width: 900px\" class=\"wp-caption aligncenter\"><img loading=\"lazy\" decoding=\"async\" class=\"size-full wp-image-193750\" src=\"https:\/\/www.glitter.si\/wp-content\/uploads\/ZEN9871-1.jpg\" alt=\"\" width=\"900\" height=\"601\" \/><figcaption id=\"caption-attachment-193750\" class=\"wp-caption-text\">Foto: Zen<\/figcaption><\/figure>\n<figure id=\"attachment_193754\" aria-describedby=\"caption-attachment-193754\" style=\"width: 734px\" class=\"wp-caption aligncenter\"><img loading=\"lazy\" decoding=\"async\" class=\"size-full wp-image-193754\" src=\"https:\/\/www.glitter.si\/wp-content\/uploads\/ZEN9906.jpg\" alt=\"\" width=\"734\" height=\"1100\" \/><figcaption id=\"caption-attachment-193754\" class=\"wp-caption-text\">Foto: Zen<\/figcaption><\/figure>\n<figure id=\"attachment_193756\" aria-describedby=\"caption-attachment-193756\" style=\"width: 734px\" class=\"wp-caption aligncenter\"><img loading=\"lazy\" decoding=\"async\" class=\"size-full wp-image-193756\" src=\"https:\/\/www.glitter.si\/wp-content\/uploads\/ZEN9932.jpg\" alt=\"\" width=\"734\" height=\"1100\" \/><figcaption id=\"caption-attachment-193756\" class=\"wp-caption-text\">Foto: Zen<\/figcaption><\/figure>\n<p><figure id=\"attachment_193757\" aria-describedby=\"caption-attachment-193757\" style=\"width: 734px\" class=\"wp-caption aligncenter\"><img loading=\"lazy\" decoding=\"async\" class=\"size-full wp-image-193757\" src=\"https:\/\/www.glitter.si\/wp-content\/uploads\/ZEN9943.jpg\" alt=\"\" width=\"734\" height=\"1100\" \/><figcaption id=\"caption-attachment-193757\" class=\"wp-caption-text\">Foto: Zen<\/figcaption><\/figure><\/li>\n<li style=\"text-align: justify;\">Naj bi bili skupnost, a vedno nismo. Vsi smo enaki, ko napo\u010di kriza, se morda druga\u010de odzovemo, a letos smo imeli odli\u010dno prilo\u017enost pokazati, kdo smo, koliko smo pripravljeni pomagati in koliko razumemo, da smo del skupnosti.<\/li>\n<li style=\"text-align: justify;\">\u017divljenje je vedno na nitki. Zdi se mi, da sta se star\u0161a tako hitro postarala zato, ker sta bila dolgo zaprta in vsa prestra\u0161ena, pa tudi jaz sem zgubila kompas za \u010das in nisem vedela, kateri dan je. In ko zdaj pi\u0161em, je \u017ee junij in imam ob\u010dutek, da je v mojem \u017eivljenju luknja dolga to\u010dno dva meseca. Kot bi izgubila spomin.<\/li>\n<li style=\"text-align: justify;\">Res smo izgubili smisel za prave stvari. In sem \u0161tejem tudi sebe. Brez trgovin ni bilo enostavno, vsaj na za\u010detku, kar mi je dalo misliti o tem, koliko oblek in make-upa imam v omari le zato, ker sem uti\u0161ala notranje glasove in pote\u0161ila pomanjkanje ljubezni s kolekcijo \u010devljev, ki me v resnici res ne zanima.<\/li>\n<li style=\"text-align: justify;\">Spoznala sem ljudi, v dobrem in slabem, no, priznam, da marsikdaj zelo v slabem in sem hvale\u017ena za selekcijo, ki sem jo lahko naredila. Hvala vesolje, ker po\u010disti\u0161 balast in mi da\u0161 mo\u017enost, da na \u017eivljenje pogledam z druga\u010dnimi o\u010dmi.<\/li>\n<li style=\"text-align: justify;\">V resnici imamo mo\u010d. Neverjetno, kako smo se postavili na noge in sr\u010dno upam, da ne bomo dovolili slabim novicam, da pridejo do nas, da jih bomo preganjali z metlo in potem premagali zato, ker bo vse dobro. In res bo, \u010de bomo dr\u017eali skupaj. Jaz verjamem, da zmoremo.<\/li>\n<li style=\"text-align: justify;\">Super je bilo ostati v ti\u0161ini. Videla sem, koliko jo potrebujemo in kako noro dobro je, \u010de me ljudje ne gnjavijo, \u010de ob sebi ne gledam obrazov, ki jih ne \u017eelim gledati, \u010de imam dovolj \u010dasa, da vzamem dnevnik in pi\u0161em, ali preprosto knjigo in razmi\u0161ljam. Nikoli se nisem bala ti\u0161ine, zdaj jo celo obo\u017eujem. Moja prijateljica, zaveznica in prav gotovo tudi ljubimka. Hvala, ker si.<\/li>\n<\/ul>\n<ul>\n<li style=\"text-align: justify;\">\n<figure id=\"attachment_193755\" aria-describedby=\"caption-attachment-193755\" style=\"width: 900px\" class=\"wp-caption aligncenter\"><img loading=\"lazy\" decoding=\"async\" class=\"size-full wp-image-193755\" src=\"https:\/\/www.glitter.si\/wp-content\/uploads\/ZEN9924.jpg\" alt=\"\" width=\"900\" height=\"601\" \/><figcaption id=\"caption-attachment-193755\" class=\"wp-caption-text\">Foto: Zen<\/figcaption><\/figure>\n<figure id=\"attachment_193758\" aria-describedby=\"caption-attachment-193758\" style=\"width: 734px\" class=\"wp-caption aligncenter\"><img loading=\"lazy\" decoding=\"async\" class=\"size-full wp-image-193758\" src=\"https:\/\/www.glitter.si\/wp-content\/uploads\/ZEN9951.jpg\" alt=\"\" width=\"734\" height=\"1100\" \/><figcaption id=\"caption-attachment-193758\" class=\"wp-caption-text\">Foto: Zen<\/figcaption><\/figure>\n<figure id=\"attachment_193759\" aria-describedby=\"caption-attachment-193759\" style=\"width: 734px\" class=\"wp-caption aligncenter\"><img loading=\"lazy\" decoding=\"async\" class=\"size-full wp-image-193759\" src=\"https:\/\/www.glitter.si\/wp-content\/uploads\/ZEN9957.jpg\" alt=\"\" width=\"734\" height=\"1100\" \/><figcaption id=\"caption-attachment-193759\" class=\"wp-caption-text\">Foto: Zen<\/figcaption><\/figure>\n<figure id=\"attachment_193760\" aria-describedby=\"caption-attachment-193760\" style=\"width: 734px\" class=\"wp-caption aligncenter\"><img loading=\"lazy\" decoding=\"async\" class=\"size-full wp-image-193760\" src=\"https:\/\/www.glitter.si\/wp-content\/uploads\/ZEN9961-1.jpg\" alt=\"\" width=\"734\" height=\"1100\" \/><figcaption id=\"caption-attachment-193760\" class=\"wp-caption-text\">Foto: Zen<\/figcaption><\/figure>\n<figure id=\"attachment_193761\" aria-describedby=\"caption-attachment-193761\" style=\"width: 734px\" class=\"wp-caption aligncenter\"><img loading=\"lazy\" decoding=\"async\" class=\"size-full wp-image-193761\" src=\"https:\/\/www.glitter.si\/wp-content\/uploads\/ZEN9969.jpg\" alt=\"\" width=\"734\" height=\"1100\" \/><figcaption id=\"caption-attachment-193761\" class=\"wp-caption-text\">Foto: Zen<\/figcaption><\/figure>\n<p>Zdaj pa \u017eelim te\u010di. Po svetu, po pla\u017ei, po hribih, povsod. \u017delim povedati ljudem, da jih imam rada, ker sem neko\u010d to zamudila in je teta naslednji dan umrla, zato si tega \u0161e zdaj nisem oprostila. In \u010de mi kaj ni prav, bom prav tako povedala in ne bom tiho zaradi vljudnosti, ker ne \u017eelim biti vljudna, \u017eelim biti samo jaz.<\/li>\n<\/ul>\n<figure id=\"attachment_193752\" aria-describedby=\"caption-attachment-193752\" style=\"width: 900px\" class=\"wp-caption aligncenter\"><img loading=\"lazy\" decoding=\"async\" class=\"size-full wp-image-193752\" src=\"https:\/\/www.glitter.si\/wp-content\/uploads\/ZEN9880.jpg\" alt=\"\" width=\"900\" height=\"601\" \/><figcaption id=\"caption-attachment-193752\" class=\"wp-caption-text\">Foto: Zen<\/figcaption><\/figure>\n<p style=\"text-align: justify;\">Prijateljici sem obljubila izlet v Benetke, kar tako, da greva na kozarec vina, nekaj dobrega pojeva in pogledava vse izlo\u017ebe naokoli. To si \u017eelim, ker je \u017eivljenje eno. In, mimogrede, danes imam rojstni dan, \u0161e eno leto ve\u010d, \u0161e en del\u010dek nove poti, pa tudi gubice, brazgotine, lekcije ter misli, dobre in slabe. Hvale\u017ena sem za vse.<\/p>\n","protected":false},"excerpt":{"rendered":"<p>To si \u017eelim, ker je \u017eivljenje eno. In, mimogrede, danes imam rojstni dan.<\/p>\n","protected":false},"author":4,"featured_media":193750,"comment_status":"open","ping_status":"closed","sticky":false,"template":"","format":"standard","meta":{"footnotes":""},"categories":[11,16,19,28,30],"tags":[6677,7106,7232,8237,8327,11255,13286,13461,18159,18476,18657],"class_list":{"0":"post-193736","1":"post","2":"type-post","3":"status-publish","4":"format-standard","5":"has-post-thumbnail","7":"category-lorellin-svet","8":"category-odnosi","9":"category-psihologija","10":"category-za-duso","11":"category-zivljenje","12":"tag-karantena","13":"tag-kolumna","14":"tag-koronavirus","15":"tag-ljubezen","16":"tag-lorella-flego","17":"tag-odnosi","18":"tag-prijateljstvo","19":"tag-psihologija","20":"tag-za-duso","21":"tag-zenske","22":"tag-zivljenje"},"yoast_head":"<!-- This site is optimized with the Yoast SEO plugin v27.4 - https:\/\/yoast.com\/product\/yoast-seo-wordpress\/ -->\n<title>\u010cesa sem se nau\u010dila po karanteni - Glitter.si<\/title>\n<meta name=\"robots\" content=\"index, follow, max-snippet:-1, max-image-preview:large, max-video-preview:-1\" \/>\n<link rel=\"canonical\" href=\"https:\/\/www.glitter.si\/?p=193736\" \/>\n<meta property=\"og:locale\" content=\"sl_SI\" \/>\n<meta property=\"og:type\" content=\"article\" \/>\n<meta property=\"og:title\" content=\"\u010cesa sem se nau\u010dila po karanteni - Glitter.si\" \/>\n<meta property=\"og:description\" content=\"To si \u017eelim, ker je \u017eivljenje eno. In, mimogrede, danes imam rojstni dan.\" \/>\n<meta property=\"og:url\" content=\"https:\/\/www.glitter.si\/?p=193736\" \/>\n<meta property=\"og:site_name\" content=\"Glitter.si\" \/>\n<meta property=\"article:published_time\" content=\"2020-07-03T07:47:13+00:00\" \/>\n<meta property=\"og:image\" content=\"https:\/\/www.glitter.si\/wp-content\/uploads\/2020\/06\/ZEN9871-1.jpg\" \/>\n\t<meta property=\"og:image:width\" content=\"900\" \/>\n\t<meta property=\"og:image:height\" content=\"601\" \/>\n\t<meta property=\"og:image:type\" content=\"image\/jpeg\" \/>\n<meta name=\"author\" content=\"Lorella Flego\" \/>\n<meta name=\"twitter:card\" content=\"summary_large_image\" \/>\n<meta name=\"twitter:label1\" content=\"Written by\" \/>\n\t<meta name=\"twitter:data1\" content=\"Lorella Flego\" \/>\n\t<meta name=\"twitter:label2\" content=\"Est. reading time\" \/>\n\t<meta name=\"twitter:data2\" content=\"4 minute\" \/>\n<script type=\"application\/ld+json\" class=\"yoast-schema-graph\">{\"@context\":\"https:\\\/\\\/schema.org\",\"@graph\":[{\"@type\":\"Article\",\"@id\":\"https:\\\/\\\/www.glitter.si\\\/?p=193736#article\",\"isPartOf\":{\"@id\":\"https:\\\/\\\/www.glitter.si\\\/?p=193736\"},\"author\":{\"name\":\"Lorella Flego\",\"@id\":\"https:\\\/\\\/www.glitter.si\\\/#\\\/schema\\\/person\\\/9a4d78dad37a90f82a094abee49027ba\"},\"headline\":\"\u010cesa sem se nau\u010dila po karanteni\",\"datePublished\":\"2020-07-03T07:47:13+00:00\",\"mainEntityOfPage\":{\"@id\":\"https:\\\/\\\/www.glitter.si\\\/?p=193736\"},\"wordCount\":903,\"commentCount\":55,\"image\":{\"@id\":\"https:\\\/\\\/www.glitter.si\\\/?p=193736#primaryimage\"},\"thumbnailUrl\":\"https:\\\/\\\/www.glitter.si\\\/wp-content\\\/uploads\\\/2020\\\/06\\\/ZEN9871-1.jpg\",\"keywords\":[\"karantena\",\"kolumna\",\"koronavirus\",\"ljubezen\",\"lorella flego\",\"odnosi\",\"prijateljstvo\",\"psihologija\",\"za du\u0161o\",\"\u017eenske\",\"\u017eivljenje\"],\"articleSection\":[\"Lorellin svet\",\"Odnosi\",\"Psihologija\",\"Za du\u0161o\",\"\u017divljenje\"],\"inLanguage\":\"sl-SI\",\"potentialAction\":[{\"@type\":\"CommentAction\",\"name\":\"Comment\",\"target\":[\"https:\\\/\\\/www.glitter.si\\\/?p=193736#respond\"]}]},{\"@type\":\"WebPage\",\"@id\":\"https:\\\/\\\/www.glitter.si\\\/?p=193736\",\"url\":\"https:\\\/\\\/www.glitter.si\\\/?p=193736\",\"name\":\"\u010cesa sem se nau\u010dila po karanteni - Glitter.si\",\"isPartOf\":{\"@id\":\"https:\\\/\\\/www.glitter.si\\\/#website\"},\"primaryImageOfPage\":{\"@id\":\"https:\\\/\\\/www.glitter.si\\\/?p=193736#primaryimage\"},\"image\":{\"@id\":\"https:\\\/\\\/www.glitter.si\\\/?p=193736#primaryimage\"},\"thumbnailUrl\":\"https:\\\/\\\/www.glitter.si\\\/wp-content\\\/uploads\\\/2020\\\/06\\\/ZEN9871-1.jpg\",\"datePublished\":\"2020-07-03T07:47:13+00:00\",\"author\":{\"@id\":\"https:\\\/\\\/www.glitter.si\\\/#\\\/schema\\\/person\\\/9a4d78dad37a90f82a094abee49027ba\"},\"breadcrumb\":{\"@id\":\"https:\\\/\\\/www.glitter.si\\\/?p=193736#breadcrumb\"},\"inLanguage\":\"sl-SI\",\"potentialAction\":[{\"@type\":\"ReadAction\",\"target\":[\"https:\\\/\\\/www.glitter.si\\\/?p=193736\"]}]},{\"@type\":\"ImageObject\",\"inLanguage\":\"sl-SI\",\"@id\":\"https:\\\/\\\/www.glitter.si\\\/?p=193736#primaryimage\",\"url\":\"https:\\\/\\\/www.glitter.si\\\/wp-content\\\/uploads\\\/2020\\\/06\\\/ZEN9871-1.jpg\",\"contentUrl\":\"https:\\\/\\\/www.glitter.si\\\/wp-content\\\/uploads\\\/2020\\\/06\\\/ZEN9871-1.jpg\",\"width\":900,\"height\":601,\"caption\":\"Foto: Zen\"},{\"@type\":\"BreadcrumbList\",\"@id\":\"https:\\\/\\\/www.glitter.si\\\/?p=193736#breadcrumb\",\"itemListElement\":[{\"@type\":\"ListItem\",\"position\":1,\"name\":\"Home\",\"item\":\"https:\\\/\\\/www.glitter.si\\\/\"},{\"@type\":\"ListItem\",\"position\":2,\"name\":\"\u010cesa sem se nau\u010dila po karanteni\"}]},{\"@type\":\"WebSite\",\"@id\":\"https:\\\/\\\/www.glitter.si\\\/#website\",\"url\":\"https:\\\/\\\/www.glitter.si\\\/\",\"name\":\"Glitter.si\",\"description\":\"spletna stran o vsem lepem\",\"potentialAction\":[{\"@type\":\"SearchAction\",\"target\":{\"@type\":\"EntryPoint\",\"urlTemplate\":\"https:\\\/\\\/www.glitter.si\\\/?s={search_term_string}\"},\"query-input\":{\"@type\":\"PropertyValueSpecification\",\"valueRequired\":true,\"valueName\":\"search_term_string\"}}],\"inLanguage\":\"sl-SI\"},{\"@type\":\"Person\",\"@id\":\"https:\\\/\\\/www.glitter.si\\\/#\\\/schema\\\/person\\\/9a4d78dad37a90f82a094abee49027ba\",\"name\":\"Lorella Flego\",\"image\":{\"@type\":\"ImageObject\",\"inLanguage\":\"sl-SI\",\"@id\":\"https:\\\/\\\/www.glitter.si\\\/wp-content\\\/uploads\\\/2026\\\/04\\\/Blog-lorella2-skort-airmesh2.jpg\",\"url\":\"https:\\\/\\\/www.glitter.si\\\/wp-content\\\/uploads\\\/2026\\\/04\\\/Blog-lorella2-skort-airmesh2.jpg\",\"contentUrl\":\"https:\\\/\\\/www.glitter.si\\\/wp-content\\\/uploads\\\/2026\\\/04\\\/Blog-lorella2-skort-airmesh2.jpg\",\"caption\":\"Lorella Flego\"},\"description\":\"Obo\u017eujem biti \u017eenska in tega ne bi zamenjala za ni\u010d na svetu. Moda mi je bila polo\u017eena v zibelko, v njeni dru\u017ebi pa mi ni nikoli dolg\u010das. Glitter.si je moj osebni pogled v svet, ki je v\u010dasih ro\u017enato obarvan, drugi\u010d di\u0161i po \u010dlove\u0161kih odnosih in psihologiji, tretji\u010d je lahkoten in prijeten, kot bi se nahajal na krilih ka\u010djega pastirja.\",\"url\":\"https:\\\/\\\/www.glitter.si\\\/?author=4\"}]}<\/script>\n<!-- \/ Yoast SEO plugin. -->","yoast_head_json":{"title":"\u010cesa sem se nau\u010dila po karanteni - Glitter.si","robots":{"index":"index","follow":"follow","max-snippet":"max-snippet:-1","max-image-preview":"max-image-preview:large","max-video-preview":"max-video-preview:-1"},"canonical":"https:\/\/www.glitter.si\/?p=193736","og_locale":"sl_SI","og_type":"article","og_title":"\u010cesa sem se nau\u010dila po karanteni - Glitter.si","og_description":"To si \u017eelim, ker je \u017eivljenje eno. In, mimogrede, danes imam rojstni dan.","og_url":"https:\/\/www.glitter.si\/?p=193736","og_site_name":"Glitter.si","article_published_time":"2020-07-03T07:47:13+00:00","og_image":[{"width":900,"height":601,"url":"https:\/\/www.glitter.si\/wp-content\/uploads\/2020\/06\/ZEN9871-1.jpg","type":"image\/jpeg"}],"author":"Lorella Flego","twitter_card":"summary_large_image","twitter_misc":{"Written by":"Lorella Flego","Est. reading time":"4 minute"},"schema":{"@context":"https:\/\/schema.org","@graph":[{"@type":"Article","@id":"https:\/\/www.glitter.si\/?p=193736#article","isPartOf":{"@id":"https:\/\/www.glitter.si\/?p=193736"},"author":{"name":"Lorella Flego","@id":"https:\/\/www.glitter.si\/#\/schema\/person\/9a4d78dad37a90f82a094abee49027ba"},"headline":"\u010cesa sem se nau\u010dila po karanteni","datePublished":"2020-07-03T07:47:13+00:00","mainEntityOfPage":{"@id":"https:\/\/www.glitter.si\/?p=193736"},"wordCount":903,"commentCount":55,"image":{"@id":"https:\/\/www.glitter.si\/?p=193736#primaryimage"},"thumbnailUrl":"https:\/\/www.glitter.si\/wp-content\/uploads\/2020\/06\/ZEN9871-1.jpg","keywords":["karantena","kolumna","koronavirus","ljubezen","lorella flego","odnosi","prijateljstvo","psihologija","za du\u0161o","\u017eenske","\u017eivljenje"],"articleSection":["Lorellin svet","Odnosi","Psihologija","Za du\u0161o","\u017divljenje"],"inLanguage":"sl-SI","potentialAction":[{"@type":"CommentAction","name":"Comment","target":["https:\/\/www.glitter.si\/?p=193736#respond"]}]},{"@type":"WebPage","@id":"https:\/\/www.glitter.si\/?p=193736","url":"https:\/\/www.glitter.si\/?p=193736","name":"\u010cesa sem se nau\u010dila po karanteni - Glitter.si","isPartOf":{"@id":"https:\/\/www.glitter.si\/#website"},"primaryImageOfPage":{"@id":"https:\/\/www.glitter.si\/?p=193736#primaryimage"},"image":{"@id":"https:\/\/www.glitter.si\/?p=193736#primaryimage"},"thumbnailUrl":"https:\/\/www.glitter.si\/wp-content\/uploads\/2020\/06\/ZEN9871-1.jpg","datePublished":"2020-07-03T07:47:13+00:00","author":{"@id":"https:\/\/www.glitter.si\/#\/schema\/person\/9a4d78dad37a90f82a094abee49027ba"},"breadcrumb":{"@id":"https:\/\/www.glitter.si\/?p=193736#breadcrumb"},"inLanguage":"sl-SI","potentialAction":[{"@type":"ReadAction","target":["https:\/\/www.glitter.si\/?p=193736"]}]},{"@type":"ImageObject","inLanguage":"sl-SI","@id":"https:\/\/www.glitter.si\/?p=193736#primaryimage","url":"https:\/\/www.glitter.si\/wp-content\/uploads\/2020\/06\/ZEN9871-1.jpg","contentUrl":"https:\/\/www.glitter.si\/wp-content\/uploads\/2020\/06\/ZEN9871-1.jpg","width":900,"height":601,"caption":"Foto: Zen"},{"@type":"BreadcrumbList","@id":"https:\/\/www.glitter.si\/?p=193736#breadcrumb","itemListElement":[{"@type":"ListItem","position":1,"name":"Home","item":"https:\/\/www.glitter.si\/"},{"@type":"ListItem","position":2,"name":"\u010cesa sem se nau\u010dila po karanteni"}]},{"@type":"WebSite","@id":"https:\/\/www.glitter.si\/#website","url":"https:\/\/www.glitter.si\/","name":"Glitter.si","description":"spletna stran o vsem lepem","potentialAction":[{"@type":"SearchAction","target":{"@type":"EntryPoint","urlTemplate":"https:\/\/www.glitter.si\/?s={search_term_string}"},"query-input":{"@type":"PropertyValueSpecification","valueRequired":true,"valueName":"search_term_string"}}],"inLanguage":"sl-SI"},{"@type":"Person","@id":"https:\/\/www.glitter.si\/#\/schema\/person\/9a4d78dad37a90f82a094abee49027ba","name":"Lorella Flego","image":{"@type":"ImageObject","inLanguage":"sl-SI","@id":"https:\/\/www.glitter.si\/wp-content\/uploads\/2026\/04\/Blog-lorella2-skort-airmesh2.jpg","url":"https:\/\/www.glitter.si\/wp-content\/uploads\/2026\/04\/Blog-lorella2-skort-airmesh2.jpg","contentUrl":"https:\/\/www.glitter.si\/wp-content\/uploads\/2026\/04\/Blog-lorella2-skort-airmesh2.jpg","caption":"Lorella Flego"},"description":"Obo\u017eujem biti \u017eenska in tega ne bi zamenjala za ni\u010d na svetu. Moda mi je bila polo\u017eena v zibelko, v njeni dru\u017ebi pa mi ni nikoli dolg\u010das. Glitter.si je moj osebni pogled v svet, ki je v\u010dasih ro\u017enato obarvan, drugi\u010d di\u0161i po \u010dlove\u0161kih odnosih in psihologiji, tretji\u010d je lahkoten in prijeten, kot bi se nahajal na krilih ka\u010djega pastirja.","url":"https:\/\/www.glitter.si\/?author=4"}]}},"_links":{"self":[{"href":"https:\/\/www.glitter.si\/index.php?rest_route=\/wp\/v2\/posts\/193736","targetHints":{"allow":["GET"]}}],"collection":[{"href":"https:\/\/www.glitter.si\/index.php?rest_route=\/wp\/v2\/posts"}],"about":[{"href":"https:\/\/www.glitter.si\/index.php?rest_route=\/wp\/v2\/types\/post"}],"author":[{"embeddable":true,"href":"https:\/\/www.glitter.si\/index.php?rest_route=\/wp\/v2\/users\/4"}],"replies":[{"embeddable":true,"href":"https:\/\/www.glitter.si\/index.php?rest_route=%2Fwp%2Fv2%2Fcomments&post=193736"}],"version-history":[{"count":0,"href":"https:\/\/www.glitter.si\/index.php?rest_route=\/wp\/v2\/posts\/193736\/revisions"}],"wp:featuredmedia":[{"embeddable":true,"href":"https:\/\/www.glitter.si\/index.php?rest_route=\/wp\/v2\/media\/193750"}],"wp:attachment":[{"href":"https:\/\/www.glitter.si\/index.php?rest_route=%2Fwp%2Fv2%2Fmedia&parent=193736"}],"wp:term":[{"taxonomy":"category","embeddable":true,"href":"https:\/\/www.glitter.si\/index.php?rest_route=%2Fwp%2Fv2%2Fcategories&post=193736"},{"taxonomy":"post_tag","embeddable":true,"href":"https:\/\/www.glitter.si\/index.php?rest_route=%2Fwp%2Fv2%2Ftags&post=193736"}],"curies":[{"name":"wp","href":"https:\/\/api.w.org\/{rel}","templated":true}]}}