{"id":321764,"date":"2024-04-30T13:12:00","date_gmt":"2024-04-30T11:12:00","guid":{"rendered":"https:\/\/www.glitter.si\/?p=321764"},"modified":"2024-04-30T13:12:00","modified_gmt":"2024-04-30T11:12:00","slug":"klara-eva-kukovic-malo-ves-o-zvezdah","status":"publish","type":"post","link":"https:\/\/www.glitter.si\/klara-eva-kukovic-malo-ves-o-zvezdah\/","title":{"rendered":"Klara Eva Kukovi\u010d: Malo ve\u0161 o zvezdah"},"content":{"rendered":"\n<p class=\"has-text-align-justify\">Kako \u010dudovit naslov, mar ne? Verjetno dr\u017ei, da smo vse \u017eenske nore na zvezde in nas vsaj malo zanima tudi astrologija. Po drugi strani nas je kar nekaj, ki smo pisale dnevnik, morda v mladih letih, morda to po\u010denjamo tudi danes. Sama sem pripadnica te kategorije in doma imam kar nekaj dobro spavljenih dnevnikov, ki so v starih \u010dasih ujeli predvsem moje tegobe, strahove, slabe misli, tu in tam tudi kak\u0161en lep dogodek. Zanimivo, kako zna biti dnevnik najbolj\u0161i prijatelj, sploh v \u010dasu stiske, predvsem pa tihi sopotnik \u017eivljenja, ki te nikoli ne razo\u010dara, samo sprejme tvoje misli in izku\u0161nje ter te nikoli ne obsoja. Vedno sem razmi\u0161ljala, da bi bilo lepo imeti tovrstnega realnega prijatelja ob sebi, a kot vemo imamo ljudje marsikatero napako in seveda tudi sama nisem izjema. Ko sem torej naletela na zgodbo in knjigo Klare Eve Kukovi\u010d, sem takoj zaostrila u\u0161esa. Malo ve\u0161 o zvezdah je nastajala dvajset let &#8211; toliko let, kolikor Klara Eva pi\u0161e dnevnik. Ideje za zgodbe je avtorica \u010drpala v ljudeh, ki so ji ali so ji bili blizu, v vedenju, ki si ga ni znala razlo\u017eiti ali pa ji je bilo tako doma\u010de, da je bilo \u017ee skoraj avtomatizem. In tako kot je ugotovila med \u0161tudijem na Oddelku za prevajalstvo na Filozofski fakulteti Univerze v Ljubljani &#8211; raje kot prevajanje besed drugih, prevaja njihova \u010dustva in izkustva v zgodbe. Tvoja, moja, njena, njegova. Morda je ta knjiga prav to: zgodba vseh nas.<\/p>\n\n\n\n<figure class=\"wp-block-image size-full is-resized\"><img fetchpriority=\"high\" decoding=\"async\" width=\"534\" height=\"800\" src=\"https:\/\/www.glitter.si\/wp-content\/uploads\/KLARAEVA_small-13-1.jpg\" alt=\"\" class=\"wp-image-321770\" style=\"width:836px;height:auto\"\/><figcaption class=\"wp-element-caption\">Klara Eva Kukovi\u010d: Malo ve\u0161 o zvezdah &#8211; Foto: osebni arhiv<\/figcaption><\/figure>\n\n\n\n<p class=\"has-text-align-justify\"><strong>Vse se je za\u010delo s prvim dnevnikom, ki si ga najbr\u017e napisala \u017ee pred mnogimi leti. Od takrat do danes in knjige Malo ve\u0161 o zvezdah je minilo kar nekaj \u010dasa. Kaj se je zgodilo vmes?<\/strong><\/p>\n\n\n\n<p class=\"has-text-align-justify\">Svoj prvi dnevnik sem dobila v prvem razredu osnovne \u0161ole, ko sem \u010drke komaj znala postaviti v pravilni vrstni red, da so nastale smiselne besede. Danes besede obvladam, tudi stavke in odstavke, tako da zagotovo se je vmes zgodil velik napredek v pisanju. Predvsem pa se je v tem \u010dasu zgodilo marsikaj, kar se zgodi mladim \u017eenskam na poti odra\u0161\u010danja &#8211; prva zaljubljenost, prvi poljub, nato prvo strto srce, odkrivanje svojih talentov in vrednot, nenazadnje tudi pravih prijateljev. Vsa izkustva, ki so se mi v dolo\u010denem trenutku zdela izredno pomembna, sem po dolgem in po\u010dez opisala v dnevniku, zato \u0161e danes lahko sko\u010dim nazaj v trenutek, ko sem postala sestra, ko sem maturirala, zagovarjala magistrsko nalogo iz prevajanja, prvi\u010d odvodila televizijsko oddajo, prvi\u010d sama sedela v radijskem studiu ali stala na odru v Sto\u017eicah. Seveda se je vmes zgodilo tudi kaj neprijetnega, a tiste strani v dnevniku raje presko\u010dim.<\/p>\n\n\n\n<figure class=\"wp-block-image size-full\"><img decoding=\"async\" width=\"826\" height=\"551\" src=\"https:\/\/www.glitter.si\/wp-content\/uploads\/happy-brunette-reading-book-home-living-room_155165-6758-1.jpg\" alt=\"\" class=\"wp-image-321771\"\/><figcaption class=\"wp-element-caption\">Klara Eva Kukovi\u010d: Malo ve\u0161 o zvezdah &#8211; Foto: Freeppik<\/figcaption><\/figure>\n\n\n\n<p class=\"has-text-align-justify\"><strong>Vsaka kratka zgodba je polna osebnih izku\u0161enj in emocij, ki jih v tem trenutku deil\u0161 s svojimi bralci. Ima torej knjiga, zate, tudi terapevtsko noto?<\/strong><\/p>\n\n\n\n<p class=\"has-text-align-justify\">Knjiga sama po sebi niti ne. V zgodbah sem se vseeno \u017eelela nekoliko oddaljiti od osebnih izku\u0161enj, zato sem v vlogo glavnih protagonistk postavila tudi prijateljice, znanke, ljudi, predvsem \u017eenske, katerih zgodbe so se me dotaknile. Prav zato ni vsaka zgodba v zbirki moja osebna, se pa v vsaki zagotovo skriva del\u010dek mene. V knjigi se nisem \u017eelela povsem razgaliti, \u017eelela sem, da najbolj intimni ob\u010dutki kljub vsemu ostanejo le v dnevni\u0161kih zapisih &#8211; ti pa, za razliko od knjige, imajo terapevtski u\u010dinek.<\/p>\n\n\n\n<blockquote class=\"wp-block-quote is-layout-flow wp-block-quote-is-layout-flow\">\n<p class=\"has-text-align-justify\">Dnevnik je super orodje za introspekcijo in umiritev, saj \u010dloveka prisili, da si vzame \u010das in svoja \u010dustva, ob\u010dutenja in uvide zapi\u0161e na papir. Pravzaprav bi lahko rekla, da gre za neke vrste meditacijo, za navado, ki nam umiri misli in spodbudi, da se namesto okoli sebe zazremo sami vase.<\/p>\n<\/blockquote>\n\n\n\n<figure class=\"wp-block-image size-full is-resized\"><img decoding=\"async\" width=\"500\" height=\"600\" src=\"https:\/\/www.glitter.si\/wp-content\/uploads\/20_1-1.png\" alt=\"\" class=\"wp-image-321772\" style=\"width:838px;height:auto\"\/><figcaption class=\"wp-element-caption\">Klara Eva Kukovi\u010d: Malo ve\u0161 o zvezdah &#8211; Foto: osebni arhiv<\/figcaption><\/figure>\n\n\n\n<p class=\"has-text-align-justify\"><strong>Zdaj, ko je knjiga zunaj, kak\u0161ni so ob\u010dutki in kak\u0161ni so vtisi tistih, ki so jo prebrali?<\/strong><\/p>\n\n\n\n<p class=\"has-text-align-justify\">Priznam, da me je bilo sprva nekoliko strah, kak\u0161ni bodo odzivi bralcev. Vedela sem, da se bo knjiga lepo brale le, \u010de bodo bralci delili podobne izku\u0161nje kot protagonistke oziroma \u010de se bodo na\u0161li v knjigi. Prvih nekaj izvodov zato nisem tako pogumno dala iz rok, kot jih sedaj, ko vsak dan prebiram nove in nove odzive &#8211; lepo je videti, da je ljudem knjiga v\u0161e\u010d, sploh pa, da v njih prebudi toliko \u010dustev. Kar nekaj bralk mi je namre\u010d napisalo, da jim je ob prebiranju pritekla kak\u0161na solza, drugi pa so o sporo\u010dilnosti zgodb premi\u0161ljevali dneve in tedne. Odzivi bralcev me res toplo presene\u010dajo in hvale\u017ena sem vsakomur, ki z mano opazuje zvezde.<\/p>\n\n\n\n<figure class=\"wp-block-image size-full\"><img loading=\"lazy\" decoding=\"async\" width=\"1100\" height=\"1100\" src=\"https:\/\/www.glitter.si\/wp-content\/uploads\/blue-white-space-themed-background-with-stars-dust_604472-25622-1.jpg\" alt=\"\" class=\"wp-image-321773\"\/><figcaption class=\"wp-element-caption\">Klara Eva Kukovi\u010d: Malo ve\u0161 o zvezdah &#8211; Foto: Freeppik<\/figcaption><\/figure>\n\n\n\n<p class=\"has-text-align-justify\"><strong>Dnevnik je tudi na\u010din, da predelamo stvari in pisanje je vedno terapevtsko, saj ima beseda na papirju druga\u010dno mo\u010d. Ko danes gleda\u0161 stare dnevnike in najbr\u017e tudi staro Klaro, koliko si se spremenila, kaj te je \u017eivljenje nau\u010dilo?<\/strong><\/p>\n\n\n\n<p class=\"has-text-align-justify\">Ko gledam na staro Klaro Evo, opa\u017eam, da sva si v nekaterih pogledih \u0161e vedno podobni &#8211; obe sva radovedni, sr\u010dni, iskrivi \u2026 Po drugi strani pa so dnevni\u0161ki zapisi dober dokaz, kaj vse nas \u017eivljenje lahko nau\u010di, \u010de ohranimo odprte o\u010di in srce.<\/p>\n\n\n\n<blockquote class=\"wp-block-quote is-layout-flow wp-block-quote-is-layout-flow\">\n<p class=\"has-text-align-justify\">Sama sem se predvsem nau\u010dila, da je prijaznost do so\u010dloveka bolj pomembna kot karkoli, da je vsak trud slej kot prej popla\u010dan, pa tudi da \u010de verjame\u0161 v sebe, si \u017ee na pol poti do cilja.<\/p>\n<\/blockquote>\n\n\n\n<p><\/p>\n\n\n\n<p class=\"has-text-align-justify\">Vse to so spoznanja, ki so mi pri\u0161la prav tudi pri pisanju knjige &#8211; \u010deprav sem bila v marsikaterem koraku izdajanja knjige nekoliko izgubljena, je bila ravno prijaznost soljudi tista, ki je re\u0161ila marsikatero situacijo. Enako velja za vero vase &#8211; \u010de nikoli ne bi verjela, da mi lahko uspe nekaj tako \u010dudovitega, bi verjetno moje zgodbe \u0161e vedno \u017eivele le med dnevni\u0161kimi platnicami. \u010ce bi mladim \u017eenskam, ki se v tem trenutku odlo\u010dajo, ali slediti svojim sanjam ali ne, lahko predala eno sporo\u010dilo, bi jim \u017eelela sporo\u010diti, da naj verjamejo vase, naj si upajo, naj bodo pogumne.<\/p>\n\n\n\n<figure class=\"wp-block-image size-full\"><img loading=\"lazy\" decoding=\"async\" width=\"826\" height=\"551\" src=\"https:\/\/www.glitter.si\/wp-content\/uploads\/closeup-woman-wrapped-warm-patterned-shawl-is-captured-cozy-moment-writing-thoughtfully-her-journal_39704-7735-1.jpg\" alt=\"\" class=\"wp-image-321774\"\/><figcaption class=\"wp-element-caption\">Klara Eva Kukovi\u010d: Malo ve\u0161 o zvezdah &#8211; Foto: Freeppik<\/figcaption><\/figure>\n\n\n\n<p class=\"has-text-align-justify\"><strong>Lahko re\u010de\u0161, da si sebe dobro spoznala? Ali so \u0161e neodkriti koti\u010dki, ki zahtevajo ve\u010d raziskovanja?<\/strong><\/p>\n\n\n\n<p class=\"has-text-align-justify\">Zagotovo se s pisanjem bolje spoznavam &#8211; a to ni edini na\u010din. Spoznavam se tudi, ko s prijatelji klepetam o \u017eivljenjskih ciljih, ko s sodelavci debatiram o pomenu medijev, ko z dru\u017eino primerjamo razli\u010dne poglede na \u017eivljenjska vpra\u0161anja, ko se udele\u017eujem raznoraznih dogodkov in sem postavljena pred nove izzive. Od vsake situacije in vsakega \u010dloveka se lahko ogromno nau\u010dimo, \u010de smo za znanje in raziskovanje tudi odprti.<\/p>\n\n\n\n<figure class=\"wp-block-image size-full\"><img loading=\"lazy\" decoding=\"async\" width=\"826\" height=\"551\" src=\"https:\/\/www.glitter.si\/wp-content\/uploads\/young-woman-lying-sofa-reading-book_23-2147975182-1.jpg\" alt=\"\" class=\"wp-image-321775\"\/><figcaption class=\"wp-element-caption\">Klara Eva Kukovi\u010d: Malo ve\u0161 o zvezdah &#8211; Foto: Freeppik<\/figcaption><\/figure>\n\n\n\n<p class=\"has-text-align-justify\"><strong>Knjiga je polna \u017eivljenjskih preizku\u0161enj, katera se te je najbolj dotaknila?<\/strong><\/p>\n\n\n\n<p class=\"has-text-align-justify\">Gotovo je bila ena te\u017ejih preizku\u0161enj izguba babice, njej sem tudi posvetila osrednjo zgodbo v knjigi in nosi naslov Ime bi ji bilo Lena. Je zgodba, ki govori o minljivosti \u017eivljenja in o vseh tistih iskricah, ki ostanejo v na\u0161ih srcih tudi po izgubi nam ljubljene osebe. Zame je bil to doma\u010de pe\u010den \u0161trudelj, toplina doma\u010de kuhinje in gospodinjski pripomo\u010dki &#8211; \u017eal premalokrat uporabljeni.<\/p>\n","protected":false},"excerpt":{"rendered":"<p>Morda je ta knjiga prav to: zgodba vseh nas.<\/p>\n","protected":false},"author":1,"featured_media":321776,"comment_status":"open","ping_status":"closed","sticky":false,"template":"","format":"standard","meta":{"footnotes":""},"categories":[10],"tags":[1881,5887,6965,7020,8708,10447,18476],"class_list":{"0":"post-321764","1":"post","2":"type-post","3":"status-publish","4":"format-standard","5":"has-post-thumbnail","7":"category-intervjuji","8":"tag-branje","9":"tag-intervju","10":"tag-klara-eva-kukovic","11":"tag-knjiga","12":"tag-malo-ves-o-zvezdah","13":"tag-nasveti","14":"tag-zenske"},"yoast_head":"<!-- This site is optimized with the Yoast SEO plugin v27.4 - https:\/\/yoast.com\/product\/yoast-seo-wordpress\/ -->\n<title>Klara Eva Kukovi\u010d: Malo ve\u0161 o zvezdah - Glitter.si<\/title>\n<meta name=\"robots\" content=\"index, follow, max-snippet:-1, max-image-preview:large, max-video-preview:-1\" \/>\n<link rel=\"canonical\" href=\"https:\/\/www.glitter.si\/klara-eva-kukovic-malo-ves-o-zvezdah\/\" \/>\n<meta property=\"og:locale\" content=\"sl_SI\" \/>\n<meta property=\"og:type\" content=\"article\" \/>\n<meta property=\"og:title\" content=\"Klara Eva Kukovi\u010d: Malo ve\u0161 o zvezdah - Glitter.si\" \/>\n<meta property=\"og:description\" content=\"Morda je ta knjiga prav to: zgodba vseh nas.\" \/>\n<meta property=\"og:url\" content=\"https:\/\/www.glitter.si\/klara-eva-kukovic-malo-ves-o-zvezdah\/\" \/>\n<meta property=\"og:site_name\" content=\"Glitter.si\" \/>\n<meta property=\"article:published_time\" content=\"2024-04-30T11:12:00+00:00\" \/>\n<meta property=\"og:image\" content=\"https:\/\/www.glitter.si\/wp-content\/uploads\/2024\/04\/Klara_foto_4-1.jpg\" \/>\n\t<meta property=\"og:image:width\" content=\"1024\" \/>\n\t<meta property=\"og:image:height\" content=\"683\" \/>\n\t<meta property=\"og:image:type\" content=\"image\/jpeg\" \/>\n<meta name=\"author\" content=\"GlamAdmin\" \/>\n<meta name=\"twitter:card\" content=\"summary_large_image\" \/>\n<meta name=\"twitter:label1\" content=\"Written by\" \/>\n\t<meta name=\"twitter:data1\" content=\"GlamAdmin\" \/>\n<script type=\"application\/ld+json\" class=\"yoast-schema-graph\">{\"@context\":\"https:\\\/\\\/schema.org\",\"@graph\":[{\"@type\":\"Article\",\"@id\":\"https:\\\/\\\/www.glitter.si\\\/klara-eva-kukovic-malo-ves-o-zvezdah\\\/#article\",\"isPartOf\":{\"@id\":\"https:\\\/\\\/www.glitter.si\\\/klara-eva-kukovic-malo-ves-o-zvezdah\\\/\"},\"author\":{\"name\":\"GlamAdmin\",\"@id\":\"https:\\\/\\\/www.glitter.si\\\/#\\\/schema\\\/person\\\/aeca432408544f1824942d0a4225dac5\"},\"headline\":\"Klara Eva Kukovi\u010d: Malo ve\u0161 o zvezdah\",\"datePublished\":\"2024-04-30T11:12:00+00:00\",\"mainEntityOfPage\":{\"@id\":\"https:\\\/\\\/www.glitter.si\\\/klara-eva-kukovic-malo-ves-o-zvezdah\\\/\"},\"wordCount\":1229,\"commentCount\":0,\"image\":{\"@id\":\"https:\\\/\\\/www.glitter.si\\\/klara-eva-kukovic-malo-ves-o-zvezdah\\\/#primaryimage\"},\"thumbnailUrl\":\"https:\\\/\\\/www.glitter.si\\\/wp-content\\\/uploads\\\/2024\\\/04\\\/Klara_foto_4-1.jpg\",\"keywords\":[\"branje\",\"intervju\",\"klara eva kukovi\u010d\",\"knjiga\",\"malo ve\u0161 o zvezdah\",\"nasveti\",\"\u017eenske\"],\"articleSection\":[\"Intervjuji\"],\"inLanguage\":\"sl-SI\",\"potentialAction\":[{\"@type\":\"CommentAction\",\"name\":\"Comment\",\"target\":[\"https:\\\/\\\/www.glitter.si\\\/klara-eva-kukovic-malo-ves-o-zvezdah\\\/#respond\"]}]},{\"@type\":\"WebPage\",\"@id\":\"https:\\\/\\\/www.glitter.si\\\/klara-eva-kukovic-malo-ves-o-zvezdah\\\/\",\"url\":\"https:\\\/\\\/www.glitter.si\\\/klara-eva-kukovic-malo-ves-o-zvezdah\\\/\",\"name\":\"Klara Eva Kukovi\u010d: Malo ve\u0161 o zvezdah - Glitter.si\",\"isPartOf\":{\"@id\":\"https:\\\/\\\/www.glitter.si\\\/#website\"},\"primaryImageOfPage\":{\"@id\":\"https:\\\/\\\/www.glitter.si\\\/klara-eva-kukovic-malo-ves-o-zvezdah\\\/#primaryimage\"},\"image\":{\"@id\":\"https:\\\/\\\/www.glitter.si\\\/klara-eva-kukovic-malo-ves-o-zvezdah\\\/#primaryimage\"},\"thumbnailUrl\":\"https:\\\/\\\/www.glitter.si\\\/wp-content\\\/uploads\\\/2024\\\/04\\\/Klara_foto_4-1.jpg\",\"datePublished\":\"2024-04-30T11:12:00+00:00\",\"author\":{\"@id\":\"https:\\\/\\\/www.glitter.si\\\/#\\\/schema\\\/person\\\/aeca432408544f1824942d0a4225dac5\"},\"breadcrumb\":{\"@id\":\"https:\\\/\\\/www.glitter.si\\\/klara-eva-kukovic-malo-ves-o-zvezdah\\\/#breadcrumb\"},\"inLanguage\":\"sl-SI\",\"potentialAction\":[{\"@type\":\"ReadAction\",\"target\":[\"https:\\\/\\\/www.glitter.si\\\/klara-eva-kukovic-malo-ves-o-zvezdah\\\/\"]}]},{\"@type\":\"ImageObject\",\"inLanguage\":\"sl-SI\",\"@id\":\"https:\\\/\\\/www.glitter.si\\\/klara-eva-kukovic-malo-ves-o-zvezdah\\\/#primaryimage\",\"url\":\"https:\\\/\\\/www.glitter.si\\\/wp-content\\\/uploads\\\/2024\\\/04\\\/Klara_foto_4-1.jpg\",\"contentUrl\":\"https:\\\/\\\/www.glitter.si\\\/wp-content\\\/uploads\\\/2024\\\/04\\\/Klara_foto_4-1.jpg\",\"width\":1024,\"height\":683},{\"@type\":\"BreadcrumbList\",\"@id\":\"https:\\\/\\\/www.glitter.si\\\/klara-eva-kukovic-malo-ves-o-zvezdah\\\/#breadcrumb\",\"itemListElement\":[{\"@type\":\"ListItem\",\"position\":1,\"name\":\"Home\",\"item\":\"https:\\\/\\\/www.glitter.si\\\/\"},{\"@type\":\"ListItem\",\"position\":2,\"name\":\"Klara Eva Kukovi\u010d: Malo ve\u0161 o zvezdah\"}]},{\"@type\":\"WebSite\",\"@id\":\"https:\\\/\\\/www.glitter.si\\\/#website\",\"url\":\"https:\\\/\\\/www.glitter.si\\\/\",\"name\":\"Glitter.si\",\"description\":\"spletna stran o vsem lepem\",\"potentialAction\":[{\"@type\":\"SearchAction\",\"target\":{\"@type\":\"EntryPoint\",\"urlTemplate\":\"https:\\\/\\\/www.glitter.si\\\/?s={search_term_string}\"},\"query-input\":{\"@type\":\"PropertyValueSpecification\",\"valueRequired\":true,\"valueName\":\"search_term_string\"}}],\"inLanguage\":\"sl-SI\"},{\"@type\":\"Person\",\"@id\":\"https:\\\/\\\/www.glitter.si\\\/#\\\/schema\\\/person\\\/aeca432408544f1824942d0a4225dac5\",\"name\":\"GlamAdmin\",\"image\":{\"@type\":\"ImageObject\",\"inLanguage\":\"sl-SI\",\"@id\":\"https:\\\/\\\/secure.gravatar.com\\\/avatar\\\/c8a312f1749e6d806fdbc7b5bb6f35f95c835f5979cbf56fb4d7603a52f0fc0a?s=96&d=mm&r=g\",\"url\":\"https:\\\/\\\/secure.gravatar.com\\\/avatar\\\/c8a312f1749e6d806fdbc7b5bb6f35f95c835f5979cbf56fb4d7603a52f0fc0a?s=96&d=mm&r=g\",\"contentUrl\":\"https:\\\/\\\/secure.gravatar.com\\\/avatar\\\/c8a312f1749e6d806fdbc7b5bb6f35f95c835f5979cbf56fb4d7603a52f0fc0a?s=96&d=mm&r=g\",\"caption\":\"GlamAdmin\"},\"sameAs\":[\"https:\\\/\\\/glitter.si\"],\"url\":\"https:\\\/\\\/www.glitter.si\\\/author\\\/glamadmin\\\/\"}]}<\/script>\n<!-- \/ Yoast SEO plugin. -->","yoast_head_json":{"title":"Klara Eva Kukovi\u010d: Malo ve\u0161 o zvezdah - Glitter.si","robots":{"index":"index","follow":"follow","max-snippet":"max-snippet:-1","max-image-preview":"max-image-preview:large","max-video-preview":"max-video-preview:-1"},"canonical":"https:\/\/www.glitter.si\/klara-eva-kukovic-malo-ves-o-zvezdah\/","og_locale":"sl_SI","og_type":"article","og_title":"Klara Eva Kukovi\u010d: Malo ve\u0161 o zvezdah - Glitter.si","og_description":"Morda je ta knjiga prav to: zgodba vseh nas.","og_url":"https:\/\/www.glitter.si\/klara-eva-kukovic-malo-ves-o-zvezdah\/","og_site_name":"Glitter.si","article_published_time":"2024-04-30T11:12:00+00:00","og_image":[{"width":1024,"height":683,"url":"https:\/\/www.glitter.si\/wp-content\/uploads\/2024\/04\/Klara_foto_4-1.jpg","type":"image\/jpeg"}],"author":"GlamAdmin","twitter_card":"summary_large_image","twitter_misc":{"Written by":"GlamAdmin"},"schema":{"@context":"https:\/\/schema.org","@graph":[{"@type":"Article","@id":"https:\/\/www.glitter.si\/klara-eva-kukovic-malo-ves-o-zvezdah\/#article","isPartOf":{"@id":"https:\/\/www.glitter.si\/klara-eva-kukovic-malo-ves-o-zvezdah\/"},"author":{"name":"GlamAdmin","@id":"https:\/\/www.glitter.si\/#\/schema\/person\/aeca432408544f1824942d0a4225dac5"},"headline":"Klara Eva Kukovi\u010d: Malo ve\u0161 o zvezdah","datePublished":"2024-04-30T11:12:00+00:00","mainEntityOfPage":{"@id":"https:\/\/www.glitter.si\/klara-eva-kukovic-malo-ves-o-zvezdah\/"},"wordCount":1229,"commentCount":0,"image":{"@id":"https:\/\/www.glitter.si\/klara-eva-kukovic-malo-ves-o-zvezdah\/#primaryimage"},"thumbnailUrl":"https:\/\/www.glitter.si\/wp-content\/uploads\/2024\/04\/Klara_foto_4-1.jpg","keywords":["branje","intervju","klara eva kukovi\u010d","knjiga","malo ve\u0161 o zvezdah","nasveti","\u017eenske"],"articleSection":["Intervjuji"],"inLanguage":"sl-SI","potentialAction":[{"@type":"CommentAction","name":"Comment","target":["https:\/\/www.glitter.si\/klara-eva-kukovic-malo-ves-o-zvezdah\/#respond"]}]},{"@type":"WebPage","@id":"https:\/\/www.glitter.si\/klara-eva-kukovic-malo-ves-o-zvezdah\/","url":"https:\/\/www.glitter.si\/klara-eva-kukovic-malo-ves-o-zvezdah\/","name":"Klara Eva Kukovi\u010d: Malo ve\u0161 o zvezdah - Glitter.si","isPartOf":{"@id":"https:\/\/www.glitter.si\/#website"},"primaryImageOfPage":{"@id":"https:\/\/www.glitter.si\/klara-eva-kukovic-malo-ves-o-zvezdah\/#primaryimage"},"image":{"@id":"https:\/\/www.glitter.si\/klara-eva-kukovic-malo-ves-o-zvezdah\/#primaryimage"},"thumbnailUrl":"https:\/\/www.glitter.si\/wp-content\/uploads\/2024\/04\/Klara_foto_4-1.jpg","datePublished":"2024-04-30T11:12:00+00:00","author":{"@id":"https:\/\/www.glitter.si\/#\/schema\/person\/aeca432408544f1824942d0a4225dac5"},"breadcrumb":{"@id":"https:\/\/www.glitter.si\/klara-eva-kukovic-malo-ves-o-zvezdah\/#breadcrumb"},"inLanguage":"sl-SI","potentialAction":[{"@type":"ReadAction","target":["https:\/\/www.glitter.si\/klara-eva-kukovic-malo-ves-o-zvezdah\/"]}]},{"@type":"ImageObject","inLanguage":"sl-SI","@id":"https:\/\/www.glitter.si\/klara-eva-kukovic-malo-ves-o-zvezdah\/#primaryimage","url":"https:\/\/www.glitter.si\/wp-content\/uploads\/2024\/04\/Klara_foto_4-1.jpg","contentUrl":"https:\/\/www.glitter.si\/wp-content\/uploads\/2024\/04\/Klara_foto_4-1.jpg","width":1024,"height":683},{"@type":"BreadcrumbList","@id":"https:\/\/www.glitter.si\/klara-eva-kukovic-malo-ves-o-zvezdah\/#breadcrumb","itemListElement":[{"@type":"ListItem","position":1,"name":"Home","item":"https:\/\/www.glitter.si\/"},{"@type":"ListItem","position":2,"name":"Klara Eva Kukovi\u010d: Malo ve\u0161 o zvezdah"}]},{"@type":"WebSite","@id":"https:\/\/www.glitter.si\/#website","url":"https:\/\/www.glitter.si\/","name":"Glitter.si","description":"spletna stran o vsem lepem","potentialAction":[{"@type":"SearchAction","target":{"@type":"EntryPoint","urlTemplate":"https:\/\/www.glitter.si\/?s={search_term_string}"},"query-input":{"@type":"PropertyValueSpecification","valueRequired":true,"valueName":"search_term_string"}}],"inLanguage":"sl-SI"},{"@type":"Person","@id":"https:\/\/www.glitter.si\/#\/schema\/person\/aeca432408544f1824942d0a4225dac5","name":"GlamAdmin","image":{"@type":"ImageObject","inLanguage":"sl-SI","@id":"https:\/\/secure.gravatar.com\/avatar\/c8a312f1749e6d806fdbc7b5bb6f35f95c835f5979cbf56fb4d7603a52f0fc0a?s=96&d=mm&r=g","url":"https:\/\/secure.gravatar.com\/avatar\/c8a312f1749e6d806fdbc7b5bb6f35f95c835f5979cbf56fb4d7603a52f0fc0a?s=96&d=mm&r=g","contentUrl":"https:\/\/secure.gravatar.com\/avatar\/c8a312f1749e6d806fdbc7b5bb6f35f95c835f5979cbf56fb4d7603a52f0fc0a?s=96&d=mm&r=g","caption":"GlamAdmin"},"sameAs":["https:\/\/glitter.si"],"url":"https:\/\/www.glitter.si\/author\/glamadmin\/"}]}},"_links":{"self":[{"href":"https:\/\/www.glitter.si\/wp-json\/wp\/v2\/posts\/321764","targetHints":{"allow":["GET"]}}],"collection":[{"href":"https:\/\/www.glitter.si\/wp-json\/wp\/v2\/posts"}],"about":[{"href":"https:\/\/www.glitter.si\/wp-json\/wp\/v2\/types\/post"}],"author":[{"embeddable":true,"href":"https:\/\/www.glitter.si\/wp-json\/wp\/v2\/users\/1"}],"replies":[{"embeddable":true,"href":"https:\/\/www.glitter.si\/wp-json\/wp\/v2\/comments?post=321764"}],"version-history":[{"count":0,"href":"https:\/\/www.glitter.si\/wp-json\/wp\/v2\/posts\/321764\/revisions"}],"wp:featuredmedia":[{"embeddable":true,"href":"https:\/\/www.glitter.si\/wp-json\/wp\/v2\/media\/321776"}],"wp:attachment":[{"href":"https:\/\/www.glitter.si\/wp-json\/wp\/v2\/media?parent=321764"}],"wp:term":[{"taxonomy":"category","embeddable":true,"href":"https:\/\/www.glitter.si\/wp-json\/wp\/v2\/categories?post=321764"},{"taxonomy":"post_tag","embeddable":true,"href":"https:\/\/www.glitter.si\/wp-json\/wp\/v2\/tags?post=321764"}],"curies":[{"name":"wp","href":"https:\/\/api.w.org\/{rel}","templated":true}]}}