{"id":345719,"date":"2025-08-18T13:07:08","date_gmt":"2025-08-18T11:07:08","guid":{"rendered":"https:\/\/www.glitter.si\/?p=345719"},"modified":"2025-08-18T13:07:08","modified_gmt":"2025-08-18T11:07:08","slug":"benetke-kulturna-kulisa-za-emily-in-paris","status":"publish","type":"post","link":"https:\/\/www.glitter.si\/benetke-kulturna-kulisa-za-emily-in-paris\/","title":{"rendered":"Benetke: kulturna Kulisa za Emily in Paris"},"content":{"rendered":"\n<p><p style=\"text-align: justify;\">Benetke, mesto z bogato zgodovino, umetnostjo in nepozabno arhitekturo, \u017ee dolgo velja za kultno destinacijo tako za turiste kot za filmske ustvarjalce. Njene ozke ulice, slikoviti kanali in veli\u010dastni mostovi so popoln okvir za romanti\u010dne in dramati\u010dne zgodbe. V zadnjem \u010dasu je mesto \u0161e posebej zasijalo kot kulisa za priljubljeno Netflixovo serijo Emily in Paris, ki je v svojo peto sezono vklju\u010dila tudi Benetke.<\/p><\/p>\n\n\n\n<figure class=\"wp-block-image size-full\" style=\"text-align: justify;\"><img fetchpriority=\"high\" decoding=\"async\" width=\"1222\" height=\"817\" class=\"wp-image-345797\" src=\"https:\/\/www.glitter.si\/wp-content\/uploads\/2025\/08\/em.jpg\" alt=\"\" \/>\n<figcaption class=\"wp-element-caption\">Foto: Just Jared<\/figcaption>\n<\/figure>\n\n\n\n<figure class=\"wp-block-image size-full\" style=\"text-align: justify;\"><img decoding=\"async\" width=\"1500\" height=\"1000\" class=\"wp-image-345795\" src=\"https:\/\/www.glitter.si\/wp-content\/uploads\/2025\/08\/EIP_410_Unit_00745R-1500x1000-1.jpg\" alt=\"\" \/>\n<figcaption class=\"wp-element-caption\">Foto: Netflix<\/figcaption>\n<\/figure>\n\n\n\n<figure class=\"wp-block-image size-full is-resized\" style=\"text-align: justify;\"><img decoding=\"async\" width=\"656\" height=\"492\" class=\"wp-image-345791\" style=\"width: 840px; height: auto;\" src=\"https:\/\/www.glitter.si\/wp-content\/uploads\/2025\/08\/68a0bbdbab0ab.jpeg\" alt=\"\" \/>\n<figcaption class=\"wp-element-caption\">Foto: Instagram<\/figcaption>\n<\/figure>\n\n\n\n<h3 class=\"wp-block-heading\" style=\"text-align: justify;\">Lily Collins: Ikona sodobnega stila<\/h3>\n\n\n\n<p><p style=\"text-align: justify;\">Lily Collins, ki v seriji upodablja Emily Cooper, je znana po svojem edinstvenem stilu, ki zdru\u017euje klasi\u010dno eleganco in sodoben trendovski pridih. Njene modne odlo\u010ditve na snemanju v Benetkah niso bile le prakti\u010dne, temve\u010d tudi izraz njene osebnosti. Pri prihodu v mesto je izbrala funkcionalen, a moderen videz z oversized Balenciaga torbo, ki je zamenjala tradicionalni kov\u010dek, ter \u0161portno obutev Adidas Handball Spezials. Kasneje je preoblekla svojo podobo v \u017eivahno polka piko obleko, ki je odra\u017eala njen lik \u2013 samozavestno, drzno in vedno v koraku s \u010dasom.<\/p><\/p>\n\n\n\n<figure class=\"wp-block-image size-full\" style=\"text-align: justify;\"><img loading=\"lazy\" decoding=\"async\" width=\"1100\" height=\"906\" class=\"wp-image-345798\" src=\"https:\/\/www.glitter.si\/wp-content\/uploads\/2025\/08\/img_9621.jpg\" alt=\"\" \/>\n<figcaption class=\"wp-element-caption\">Foto: Instagram<\/figcaption>\n<\/figure>\n\n\n\n<figure class=\"wp-block-image size-full is-resized\" style=\"text-align: justify;\"><img loading=\"lazy\" decoding=\"async\" width=\"572\" height=\"320\" class=\"wp-image-345792\" style=\"width: 840px; height: auto;\" src=\"https:\/\/www.glitter.si\/wp-content\/uploads\/2025\/08\/68a06b588d8d3.jpeg\" alt=\"\" \/>\n<figcaption class=\"wp-element-caption\">Foto: Instagram<\/figcaption>\n<\/figure>\n\n\n\n<figure class=\"wp-block-image size-full is-resized\" style=\"text-align: justify;\"><img loading=\"lazy\" decoding=\"async\" width=\"612\" height=\"351\" class=\"wp-image-345793\" style=\"width: 830px; height: auto;\" src=\"https:\/\/www.glitter.si\/wp-content\/uploads\/2025\/08\/Screen-Shot-2025-08-17-at-17.13.25.jpg\" alt=\"\" \/>\n<figcaption class=\"wp-element-caption\">Foto: Netflix<\/figcaption>\n<\/figure>\n\n\n\n<figure class=\"wp-block-image size-full\" style=\"text-align: justify;\"><img loading=\"lazy\" decoding=\"async\" width=\"1069\" height=\"1300\" class=\"wp-image-345831\" src=\"https:\/\/www.glitter.si\/wp-content\/uploads\/2025\/02\/1000083883.jpg\" alt=\"\" \/>\n<figcaption class=\"wp-element-caption\">Foto: Instagram<\/figcaption>\n<\/figure>\n\n\n\n<h3 class=\"wp-block-heading\">Snemalne lokacije v Benetkah<\/h3>\n\n\n\n<p><p style=\"text-align: justify;\">Snemanje pete sezone Emily in Paris v Benetkah je potekalo med 5. in 15. avgustom 2025. \u010ceprav natan\u010dne lokacije niso bile uradno razkrite, so poro\u010dila potrdila prisotnost produkcijske ekipe in igralcev v razli\u010dnih delih mesta. Glede na prej\u0161nje sezonske lokacije lahko predvidevamo, da so bile vklju\u010dene znamenitosti, kot so:<\/p><\/p>\n\n\n\n<ul class=\"wp-block-list\" style=\"text-align: justify;\">\n\n<li>Piazza San Marco: Ikoni\u010den trg, obdan z zgodovinskimi stavbami in baziliko.<\/li>\n\n\n\n\n<li>Ponte di Rialto: Najstarej\u0161i most \u010dez Veliki kanal, priljubljena to\u010dka za panoramske posnetke.<\/li>\n\n\n\n\n<li>Canale Grande: Glavna vodna pot, obkro\u017eena z veli\u010dastnimi pala\u010dami.<\/li>\n\n\n\n\n<li>Palazzo Ducale: Zgodovinska pala\u010da, ki ponuja vpogled v bogato bene\u0161ko zgodovino.<\/li>\n\n\n\n\n<li>Teatro La Fenice: Ena najbolj znanih opernih hi\u0161 v Italiji.<\/li>\n\n<\/ul>\n\n\n\n<p><p style=\"text-align: justify;\">\u010ceprav niso bile razkrite vse specifi\u010dne lokacije, je pri\u010dakovati, da so bile vklju\u010dene tudi manj znane, a enako o\u010darljive to\u010dke v Benetkah.<\/p><\/p>\n\n\n\n<figure class=\"wp-block-image size-full\" style=\"text-align: justify;\"><img loading=\"lazy\" decoding=\"async\" width=\"1500\" height=\"1000\" class=\"wp-image-345796\" src=\"https:\/\/www.glitter.si\/wp-content\/uploads\/2025\/08\/EIP_410_Unit_00745R-1500x1000-2.jpg\" alt=\"\" \/>\n<figcaption class=\"wp-element-caption\">Foto: Netflix<\/figcaption>\n<\/figure>\n\n\n\n<figure class=\"wp-block-image size-full\" style=\"text-align: justify;\"><img loading=\"lazy\" decoding=\"async\" width=\"1068\" height=\"1300\" class=\"wp-image-345832\" src=\"https:\/\/www.glitter.si\/wp-content\/uploads\/2025\/02\/1000083885.jpg\" alt=\"\" \/>\n<figcaption class=\"wp-element-caption\">Foto: Instagram<\/figcaption>\n<\/figure>\n\n\n\n<figure class=\"wp-block-image size-full\" style=\"text-align: justify;\"><img loading=\"lazy\" decoding=\"async\" width=\"1055\" height=\"1300\" class=\"wp-image-345833\" src=\"https:\/\/www.glitter.si\/wp-content\/uploads\/2025\/02\/1000083887.jpg\" alt=\"\" \/>\n<figcaption class=\"wp-element-caption\">Foto: Instagram<\/figcaption>\n<\/figure>\n\n\n\n<figure class=\"wp-block-image size-full\" style=\"text-align: justify;\"><img loading=\"lazy\" decoding=\"async\" width=\"991\" height=\"1300\" class=\"wp-image-345834\" src=\"https:\/\/www.glitter.si\/wp-content\/uploads\/2025\/02\/1000083889.jpg\" alt=\"\" \/>\n<figcaption class=\"wp-element-caption\">Foto: Instagram<\/figcaption>\n<\/figure>\n\n\n\n<figure class=\"wp-block-image size-full\" style=\"text-align: justify;\"><img loading=\"lazy\" decoding=\"async\" width=\"1006\" height=\"1300\" class=\"wp-image-345835\" src=\"https:\/\/www.glitter.si\/wp-content\/uploads\/2025\/02\/1000083891.jpg\" alt=\"\" \/>\n<figcaption class=\"wp-element-caption\">Foto: Instagram<\/figcaption>\n<\/figure>\n\n\n\n<p><p style=\"text-align: justify;\">Benetke so \u0161e enkrat dokazale, zakaj so priljubljena filmska destinacija. Z njihovo edinstveno atmosfero in slikovitimi lokacijami so ustvarjalci Emily in Paris uspeli ujeti \u010dar tega mestnega bisera. Lily Collins pa je s svojim stilom in prisotnostjo dodala piko na i tej vizualni simfoniji. \u010ce boste v prihodnje obiskali Benetke, boste morda naleteli na koti\u010dke, kjer je bil ujet del te zgodbe.<\/p><\/p>\n","protected":false},"excerpt":{"rendered":"<p>V zadnjem \u010dasu je mesto \u0161e posebej zasijalo kot kulisa za priljubljeno Netflixovo serijo Emily in Paris, ki je v svojo peto sezono vklju\u010dila tudi Benetke.<\/p>\n","protected":false},"author":4,"featured_media":345799,"comment_status":"open","ping_status":"closed","sticky":false,"template":"","format":"standard","meta":{"footnotes":""},"categories":[7],"tags":[1369,4128,4478,9568,10670,14681,15762,16786],"class_list":{"0":"post-345719","1":"post","2":"type-post","3":"status-publish","4":"format-standard","5":"has-post-thumbnail","7":"category-glasba-in-film","8":"tag-benetke","9":"tag-emily-in-paris","10":"tag-film","11":"tag-moda","12":"tag-netflix","13":"tag-serija","14":"tag-stil","15":"tag-trendi"},"yoast_head":"<!-- This site is optimized with the Yoast SEO plugin v27.4 - https:\/\/yoast.com\/product\/yoast-seo-wordpress\/ -->\n<title>Benetke: kulturna Kulisa za Emily in Paris - Glitter.si<\/title>\n<meta name=\"description\" content=\"V zadnjem \u010dasu je mesto \u0161e posebej zasijalo kot kulisa za priljubljeno Netflixovo serijo Emily in Paris, ki je v svojo peto sezono vklju\u010dila tudi Benetke.\" \/>\n<meta name=\"robots\" content=\"index, follow, max-snippet:-1, max-image-preview:large, max-video-preview:-1\" \/>\n<link rel=\"canonical\" href=\"https:\/\/www.glitter.si\/benetke-kulturna-kulisa-za-emily-in-paris\/\" \/>\n<meta property=\"og:locale\" content=\"sl_SI\" \/>\n<meta property=\"og:type\" content=\"article\" \/>\n<meta property=\"og:title\" content=\"Benetke: kulturna Kulisa za Emily in Paris - Glitter.si\" \/>\n<meta property=\"og:description\" content=\"V zadnjem \u010dasu je mesto \u0161e posebej zasijalo kot kulisa za priljubljeno Netflixovo serijo Emily in Paris, ki je v svojo peto sezono vklju\u010dila tudi Benetke.\" \/>\n<meta property=\"og:url\" content=\"https:\/\/www.glitter.si\/benetke-kulturna-kulisa-za-emily-in-paris\/\" \/>\n<meta property=\"og:site_name\" content=\"Glitter.si\" \/>\n<meta property=\"article:published_time\" content=\"2025-08-18T11:07:08+00:00\" \/>\n<meta property=\"og:image\" content=\"https:\/\/www.glitter.si\/wp-content\/uploads\/2025\/08\/emily-in-paris-1.jpg\" \/>\n\t<meta property=\"og:image:width\" content=\"915\" \/>\n\t<meta property=\"og:image:height\" content=\"462\" \/>\n\t<meta property=\"og:image:type\" content=\"image\/jpeg\" \/>\n<meta name=\"author\" content=\"Lorella Flego\" \/>\n<meta name=\"twitter:card\" content=\"summary_large_image\" \/>\n<meta name=\"twitter:label1\" content=\"Written by\" \/>\n\t<meta name=\"twitter:data1\" content=\"Lorella Flego\" \/>\n\t<meta name=\"twitter:label2\" content=\"Est. reading time\" \/>\n\t<meta name=\"twitter:data2\" content=\"5 minut\" \/>\n<script type=\"application\/ld+json\" class=\"yoast-schema-graph\">{\"@context\":\"https:\\\/\\\/schema.org\",\"@graph\":[{\"@type\":\"Article\",\"@id\":\"https:\\\/\\\/www.glitter.si\\\/benetke-kulturna-kulisa-za-emily-in-paris\\\/#article\",\"isPartOf\":{\"@id\":\"https:\\\/\\\/www.glitter.si\\\/benetke-kulturna-kulisa-za-emily-in-paris\\\/\"},\"author\":{\"name\":\"Lorella Flego\",\"@id\":\"https:\\\/\\\/www.glitter.si\\\/#\\\/schema\\\/person\\\/9a4d78dad37a90f82a094abee49027ba\"},\"headline\":\"Benetke: kulturna Kulisa za Emily in Paris\",\"datePublished\":\"2025-08-18T11:07:08+00:00\",\"mainEntityOfPage\":{\"@id\":\"https:\\\/\\\/www.glitter.si\\\/benetke-kulturna-kulisa-za-emily-in-paris\\\/\"},\"wordCount\":404,\"commentCount\":0,\"image\":{\"@id\":\"https:\\\/\\\/www.glitter.si\\\/benetke-kulturna-kulisa-za-emily-in-paris\\\/#primaryimage\"},\"thumbnailUrl\":\"https:\\\/\\\/www.glitter.si\\\/wp-content\\\/uploads\\\/2025\\\/08\\\/emily-in-paris-1.jpg\",\"keywords\":[\"benetke\",\"emily in paris\",\"film\",\"moda\",\"netflix\",\"serija\",\"stil\",\"trendi\"],\"articleSection\":[\"Glasba in film\"],\"inLanguage\":\"sl-SI\",\"potentialAction\":[{\"@type\":\"CommentAction\",\"name\":\"Comment\",\"target\":[\"https:\\\/\\\/www.glitter.si\\\/benetke-kulturna-kulisa-za-emily-in-paris\\\/#respond\"]}]},{\"@type\":\"WebPage\",\"@id\":\"https:\\\/\\\/www.glitter.si\\\/benetke-kulturna-kulisa-za-emily-in-paris\\\/\",\"url\":\"https:\\\/\\\/www.glitter.si\\\/benetke-kulturna-kulisa-za-emily-in-paris\\\/\",\"name\":\"Benetke: kulturna Kulisa za Emily in Paris - Glitter.si\",\"isPartOf\":{\"@id\":\"https:\\\/\\\/www.glitter.si\\\/#website\"},\"primaryImageOfPage\":{\"@id\":\"https:\\\/\\\/www.glitter.si\\\/benetke-kulturna-kulisa-za-emily-in-paris\\\/#primaryimage\"},\"image\":{\"@id\":\"https:\\\/\\\/www.glitter.si\\\/benetke-kulturna-kulisa-za-emily-in-paris\\\/#primaryimage\"},\"thumbnailUrl\":\"https:\\\/\\\/www.glitter.si\\\/wp-content\\\/uploads\\\/2025\\\/08\\\/emily-in-paris-1.jpg\",\"datePublished\":\"2025-08-18T11:07:08+00:00\",\"author\":{\"@id\":\"https:\\\/\\\/www.glitter.si\\\/#\\\/schema\\\/person\\\/9a4d78dad37a90f82a094abee49027ba\"},\"description\":\"V zadnjem \u010dasu je mesto \u0161e posebej zasijalo kot kulisa za priljubljeno Netflixovo serijo Emily in Paris, ki je v svojo peto sezono vklju\u010dila tudi Benetke.\",\"breadcrumb\":{\"@id\":\"https:\\\/\\\/www.glitter.si\\\/benetke-kulturna-kulisa-za-emily-in-paris\\\/#breadcrumb\"},\"inLanguage\":\"sl-SI\",\"potentialAction\":[{\"@type\":\"ReadAction\",\"target\":[\"https:\\\/\\\/www.glitter.si\\\/benetke-kulturna-kulisa-za-emily-in-paris\\\/\"]}]},{\"@type\":\"ImageObject\",\"inLanguage\":\"sl-SI\",\"@id\":\"https:\\\/\\\/www.glitter.si\\\/benetke-kulturna-kulisa-za-emily-in-paris\\\/#primaryimage\",\"url\":\"https:\\\/\\\/www.glitter.si\\\/wp-content\\\/uploads\\\/2025\\\/08\\\/emily-in-paris-1.jpg\",\"contentUrl\":\"https:\\\/\\\/www.glitter.si\\\/wp-content\\\/uploads\\\/2025\\\/08\\\/emily-in-paris-1.jpg\",\"width\":915,\"height\":462},{\"@type\":\"BreadcrumbList\",\"@id\":\"https:\\\/\\\/www.glitter.si\\\/benetke-kulturna-kulisa-za-emily-in-paris\\\/#breadcrumb\",\"itemListElement\":[{\"@type\":\"ListItem\",\"position\":1,\"name\":\"Home\",\"item\":\"https:\\\/\\\/www.glitter.si\\\/\"},{\"@type\":\"ListItem\",\"position\":2,\"name\":\"Benetke: kulturna Kulisa za Emily in Paris\"}]},{\"@type\":\"WebSite\",\"@id\":\"https:\\\/\\\/www.glitter.si\\\/#website\",\"url\":\"https:\\\/\\\/www.glitter.si\\\/\",\"name\":\"Glitter.si\",\"description\":\"spletna stran o vsem lepem\",\"potentialAction\":[{\"@type\":\"SearchAction\",\"target\":{\"@type\":\"EntryPoint\",\"urlTemplate\":\"https:\\\/\\\/www.glitter.si\\\/?s={search_term_string}\"},\"query-input\":{\"@type\":\"PropertyValueSpecification\",\"valueRequired\":true,\"valueName\":\"search_term_string\"}}],\"inLanguage\":\"sl-SI\"},{\"@type\":\"Person\",\"@id\":\"https:\\\/\\\/www.glitter.si\\\/#\\\/schema\\\/person\\\/9a4d78dad37a90f82a094abee49027ba\",\"name\":\"Lorella Flego\",\"image\":{\"@type\":\"ImageObject\",\"inLanguage\":\"sl-SI\",\"@id\":\"https:\\\/\\\/www.glitter.si\\\/wp-content\\\/uploads\\\/2026\\\/04\\\/Blog-lorella2-skort-airmesh2.jpg\",\"url\":\"https:\\\/\\\/www.glitter.si\\\/wp-content\\\/uploads\\\/2026\\\/04\\\/Blog-lorella2-skort-airmesh2.jpg\",\"contentUrl\":\"https:\\\/\\\/www.glitter.si\\\/wp-content\\\/uploads\\\/2026\\\/04\\\/Blog-lorella2-skort-airmesh2.jpg\",\"caption\":\"Lorella Flego\"},\"description\":\"Obo\u017eujem biti \u017eenska in tega ne bi zamenjala za ni\u010d na svetu. Moda mi je bila polo\u017eena v zibelko, v njeni dru\u017ebi pa mi ni nikoli dolg\u010das. Glitter.si je moj osebni pogled v svet, ki je v\u010dasih ro\u017enato obarvan, drugi\u010d di\u0161i po \u010dlove\u0161kih odnosih in psihologiji, tretji\u010d je lahkoten in prijeten, kot bi se nahajal na krilih ka\u010djega pastirja.\",\"url\":\"https:\\\/\\\/www.glitter.si\\\/author\\\/lorella\\\/\"}]}<\/script>\n<!-- \/ Yoast SEO plugin. -->","yoast_head_json":{"title":"Benetke: kulturna Kulisa za Emily in Paris - Glitter.si","description":"V zadnjem \u010dasu je mesto \u0161e posebej zasijalo kot kulisa za priljubljeno Netflixovo serijo Emily in Paris, ki je v svojo peto sezono vklju\u010dila tudi Benetke.","robots":{"index":"index","follow":"follow","max-snippet":"max-snippet:-1","max-image-preview":"max-image-preview:large","max-video-preview":"max-video-preview:-1"},"canonical":"https:\/\/www.glitter.si\/benetke-kulturna-kulisa-za-emily-in-paris\/","og_locale":"sl_SI","og_type":"article","og_title":"Benetke: kulturna Kulisa za Emily in Paris - Glitter.si","og_description":"V zadnjem \u010dasu je mesto \u0161e posebej zasijalo kot kulisa za priljubljeno Netflixovo serijo Emily in Paris, ki je v svojo peto sezono vklju\u010dila tudi Benetke.","og_url":"https:\/\/www.glitter.si\/benetke-kulturna-kulisa-za-emily-in-paris\/","og_site_name":"Glitter.si","article_published_time":"2025-08-18T11:07:08+00:00","og_image":[{"width":915,"height":462,"url":"https:\/\/www.glitter.si\/wp-content\/uploads\/2025\/08\/emily-in-paris-1.jpg","type":"image\/jpeg"}],"author":"Lorella Flego","twitter_card":"summary_large_image","twitter_misc":{"Written by":"Lorella Flego","Est. reading time":"5 minut"},"schema":{"@context":"https:\/\/schema.org","@graph":[{"@type":"Article","@id":"https:\/\/www.glitter.si\/benetke-kulturna-kulisa-za-emily-in-paris\/#article","isPartOf":{"@id":"https:\/\/www.glitter.si\/benetke-kulturna-kulisa-za-emily-in-paris\/"},"author":{"name":"Lorella Flego","@id":"https:\/\/www.glitter.si\/#\/schema\/person\/9a4d78dad37a90f82a094abee49027ba"},"headline":"Benetke: kulturna Kulisa za Emily in Paris","datePublished":"2025-08-18T11:07:08+00:00","mainEntityOfPage":{"@id":"https:\/\/www.glitter.si\/benetke-kulturna-kulisa-za-emily-in-paris\/"},"wordCount":404,"commentCount":0,"image":{"@id":"https:\/\/www.glitter.si\/benetke-kulturna-kulisa-za-emily-in-paris\/#primaryimage"},"thumbnailUrl":"https:\/\/www.glitter.si\/wp-content\/uploads\/2025\/08\/emily-in-paris-1.jpg","keywords":["benetke","emily in paris","film","moda","netflix","serija","stil","trendi"],"articleSection":["Glasba in film"],"inLanguage":"sl-SI","potentialAction":[{"@type":"CommentAction","name":"Comment","target":["https:\/\/www.glitter.si\/benetke-kulturna-kulisa-za-emily-in-paris\/#respond"]}]},{"@type":"WebPage","@id":"https:\/\/www.glitter.si\/benetke-kulturna-kulisa-za-emily-in-paris\/","url":"https:\/\/www.glitter.si\/benetke-kulturna-kulisa-za-emily-in-paris\/","name":"Benetke: kulturna Kulisa za Emily in Paris - Glitter.si","isPartOf":{"@id":"https:\/\/www.glitter.si\/#website"},"primaryImageOfPage":{"@id":"https:\/\/www.glitter.si\/benetke-kulturna-kulisa-za-emily-in-paris\/#primaryimage"},"image":{"@id":"https:\/\/www.glitter.si\/benetke-kulturna-kulisa-za-emily-in-paris\/#primaryimage"},"thumbnailUrl":"https:\/\/www.glitter.si\/wp-content\/uploads\/2025\/08\/emily-in-paris-1.jpg","datePublished":"2025-08-18T11:07:08+00:00","author":{"@id":"https:\/\/www.glitter.si\/#\/schema\/person\/9a4d78dad37a90f82a094abee49027ba"},"description":"V zadnjem \u010dasu je mesto \u0161e posebej zasijalo kot kulisa za priljubljeno Netflixovo serijo Emily in Paris, ki je v svojo peto sezono vklju\u010dila tudi Benetke.","breadcrumb":{"@id":"https:\/\/www.glitter.si\/benetke-kulturna-kulisa-za-emily-in-paris\/#breadcrumb"},"inLanguage":"sl-SI","potentialAction":[{"@type":"ReadAction","target":["https:\/\/www.glitter.si\/benetke-kulturna-kulisa-za-emily-in-paris\/"]}]},{"@type":"ImageObject","inLanguage":"sl-SI","@id":"https:\/\/www.glitter.si\/benetke-kulturna-kulisa-za-emily-in-paris\/#primaryimage","url":"https:\/\/www.glitter.si\/wp-content\/uploads\/2025\/08\/emily-in-paris-1.jpg","contentUrl":"https:\/\/www.glitter.si\/wp-content\/uploads\/2025\/08\/emily-in-paris-1.jpg","width":915,"height":462},{"@type":"BreadcrumbList","@id":"https:\/\/www.glitter.si\/benetke-kulturna-kulisa-za-emily-in-paris\/#breadcrumb","itemListElement":[{"@type":"ListItem","position":1,"name":"Home","item":"https:\/\/www.glitter.si\/"},{"@type":"ListItem","position":2,"name":"Benetke: kulturna Kulisa za Emily in Paris"}]},{"@type":"WebSite","@id":"https:\/\/www.glitter.si\/#website","url":"https:\/\/www.glitter.si\/","name":"Glitter.si","description":"spletna stran o vsem lepem","potentialAction":[{"@type":"SearchAction","target":{"@type":"EntryPoint","urlTemplate":"https:\/\/www.glitter.si\/?s={search_term_string}"},"query-input":{"@type":"PropertyValueSpecification","valueRequired":true,"valueName":"search_term_string"}}],"inLanguage":"sl-SI"},{"@type":"Person","@id":"https:\/\/www.glitter.si\/#\/schema\/person\/9a4d78dad37a90f82a094abee49027ba","name":"Lorella Flego","image":{"@type":"ImageObject","inLanguage":"sl-SI","@id":"https:\/\/www.glitter.si\/wp-content\/uploads\/2026\/04\/Blog-lorella2-skort-airmesh2.jpg","url":"https:\/\/www.glitter.si\/wp-content\/uploads\/2026\/04\/Blog-lorella2-skort-airmesh2.jpg","contentUrl":"https:\/\/www.glitter.si\/wp-content\/uploads\/2026\/04\/Blog-lorella2-skort-airmesh2.jpg","caption":"Lorella Flego"},"description":"Obo\u017eujem biti \u017eenska in tega ne bi zamenjala za ni\u010d na svetu. Moda mi je bila polo\u017eena v zibelko, v njeni dru\u017ebi pa mi ni nikoli dolg\u010das. Glitter.si je moj osebni pogled v svet, ki je v\u010dasih ro\u017enato obarvan, drugi\u010d di\u0161i po \u010dlove\u0161kih odnosih in psihologiji, tretji\u010d je lahkoten in prijeten, kot bi se nahajal na krilih ka\u010djega pastirja.","url":"https:\/\/www.glitter.si\/author\/lorella\/"}]}},"_links":{"self":[{"href":"https:\/\/www.glitter.si\/wp-json\/wp\/v2\/posts\/345719","targetHints":{"allow":["GET"]}}],"collection":[{"href":"https:\/\/www.glitter.si\/wp-json\/wp\/v2\/posts"}],"about":[{"href":"https:\/\/www.glitter.si\/wp-json\/wp\/v2\/types\/post"}],"author":[{"embeddable":true,"href":"https:\/\/www.glitter.si\/wp-json\/wp\/v2\/users\/4"}],"replies":[{"embeddable":true,"href":"https:\/\/www.glitter.si\/wp-json\/wp\/v2\/comments?post=345719"}],"version-history":[{"count":0,"href":"https:\/\/www.glitter.si\/wp-json\/wp\/v2\/posts\/345719\/revisions"}],"wp:featuredmedia":[{"embeddable":true,"href":"https:\/\/www.glitter.si\/wp-json\/wp\/v2\/media\/345799"}],"wp:attachment":[{"href":"https:\/\/www.glitter.si\/wp-json\/wp\/v2\/media?parent=345719"}],"wp:term":[{"taxonomy":"category","embeddable":true,"href":"https:\/\/www.glitter.si\/wp-json\/wp\/v2\/categories?post=345719"},{"taxonomy":"post_tag","embeddable":true,"href":"https:\/\/www.glitter.si\/wp-json\/wp\/v2\/tags?post=345719"}],"curies":[{"name":"wp","href":"https:\/\/api.w.org\/{rel}","templated":true}]}}