{"id":345745,"date":"2025-08-18T09:49:57","date_gmt":"2025-08-18T07:49:57","guid":{"rendered":"https:\/\/www.glitter.si\/?p=345745"},"modified":"2025-08-18T09:49:57","modified_gmt":"2025-08-18T07:49:57","slug":"stajling-dneva-oranzna-obleka","status":"publish","type":"post","link":"https:\/\/www.glitter.si\/stajling-dneva-oranzna-obleka\/","title":{"rendered":"Stajling dneva: oran\u017ena obleka"},"content":{"rendered":"\n<p><p style=\"text-align: justify;\"><em>Drage bralke in \u010dudovite \u017eenske,<\/em><\/p><\/p>\n\n\n\n<p><p style=\"text-align: justify;\"><em>poletje je stanje duha. Vedno bolj spoznavam, da poletje ni le sezona v koledarju, temve\u010d resni\u010dno stanje duha. Lahko bi rekli, da je to lahkotnost du\u0161e \u2013 tisti ob\u010dutek, ko \u017eivljenje ste\u010de po\u010dasneje, ko si dovolimo zadihati in ob\u010dutiti vsak trenutek. Poletje je svoboda. Je ob\u010dutek, da si lahko brez skrbi, da u\u017eiva\u0161 v preprostih stvareh \u2013 v vetri\u010du, ki ti ziblje lase, v son\u010dnem zahodu, ki pobarva nebo, ali v klepetu, ki se ga nikoli ne mudi kon\u010dati. Poletje se skriva v spontanosti, v iskricah radosti in v pogumu, da si to\u010dno tak, kot si. Tako se po\u010dutim tudi sama: lahkotno, mirno in hkrati polna energije. V sebi nosim tisti ob\u010dutek neskon\u010dnih dni in svetlih ve\u010derov, ko se zdi, da je vse mogo\u010de. In to je prava \u010darovnija \u2013 ko spozna\u0161, da poletje ni nekaj, kar se kon\u010da, ampak nekaj, kar lahko ohrani\u0161 v sebi skozi vse leto.<\/em><\/p><\/p>\n\n\n\n<p><p style=\"text-align: justify;\"><em>Poletje je, ko se du\u0161a nasmehne.<\/em><\/p><\/p>\n\n\n\n<p><p style=\"text-align: justify;\">Dana\u0161nji stajling dneva zaznamuje dolga lanena obleka v oran\u017eni barvi \u2013 lahkotna, zra\u010dna in izjemno poletna. Priznam, da oran\u017ene na\u010deloma ne nosim, ker se mi je vedno zdela nekoliko premo\u010dna in preve\u010d izzivalna. A tokrat me je povsem presenetila: obleka je sve\u017ea, igriva in mi daje ob\u010dutek svobode ter spro\u0161\u010denosti. Oran\u017ena barva ima tudi mo\u010dan psiholo\u0161ki pomen. Povezana je z optimizmom, veseljem in \u017eivljenjsko energijo. Spodbuja ustvarjalnost, daje ob\u010dutek topline in nas nehote navdihuje, da se odpremo svetu. Pravijo, da oran\u017ena krepi samozavest, prina\u0161a pogum za spremembe in nas napolni z vitalnostjo. Ni \u010dudno, da se v njej po\u010dutim lahkotno in polno energije, kot da bi ujela samo bistvo poletja. V\u010dasih nas presenetijo prav barve, ki jih najmanj pri\u010dakujemo \u2013 in ravno v tem je \u010dar stila.<\/p><\/p>\n\n\n\n<p><p style=\"text-align: justify;\"><strong>Moj stajling je slede\u010d<\/strong>: obleka Lilly Pulitzer, sandali JCrew, torbica Kate Spade, nakit Sezane in Promod.<\/p><\/p>\n\n\n\n<figure class=\"wp-block-image size-full\" style=\"text-align: justify;\"><img fetchpriority=\"high\" decoding=\"async\" width=\"800\" height=\"1000\" class=\"wp-image-345764\" src=\"https:\/\/www.glitter.si\/wp-content\/uploads\/2025\/08\/ZEN_8956-1.jpg\" alt=\"\" \/>\n<figcaption class=\"wp-element-caption\">Foto: Zen<\/figcaption>\n<\/figure>\n\n\n\n<figure class=\"wp-block-image size-full\" style=\"text-align: justify;\"><img decoding=\"async\" width=\"800\" height=\"1000\" class=\"wp-image-345768\" src=\"https:\/\/www.glitter.si\/wp-content\/uploads\/2025\/08\/ZEN_9017-1.jpg\" alt=\"\" \/>\n<figcaption class=\"wp-element-caption\">Foto: Zen<\/figcaption>\n<\/figure>\n\n\n\n<figure class=\"wp-block-image size-large\" style=\"text-align: justify;\"><img decoding=\"async\" width=\"800\" height=\"1000\" class=\"wp-image-345756\" src=\"https:\/\/www.glitter.si\/wp-content\/uploads\/2025\/08\/ZEN_9140.jpg\" alt=\"\" \/>\n<figcaption class=\"wp-element-caption\">Foto: Zen<\/figcaption>\n<\/figure>\n\n\n\n<figure class=\"wp-block-image size-large\" style=\"text-align: justify;\"><img loading=\"lazy\" decoding=\"async\" width=\"800\" height=\"1000\" class=\"wp-image-345755\" src=\"https:\/\/www.glitter.si\/wp-content\/uploads\/2025\/08\/ZEN_9052.jpg\" alt=\"\" \/>\n<figcaption class=\"wp-element-caption\">Foto: Zen<\/figcaption>\n<\/figure>\n\n\n\n<figure class=\"wp-block-image size-large\" style=\"text-align: justify;\"><img loading=\"lazy\" decoding=\"async\" width=\"800\" height=\"1000\" class=\"wp-image-345751\" src=\"https:\/\/www.glitter.si\/wp-content\/uploads\/2025\/08\/ZEN_9062.jpg\" alt=\"\" \/>\n<figcaption class=\"wp-element-caption\">Foto: Zen<\/figcaption>\n<\/figure>\n\n\n\n<figure class=\"wp-block-image size-large\" style=\"text-align: justify;\"><img loading=\"lazy\" decoding=\"async\" width=\"800\" height=\"1000\" class=\"wp-image-345753\" src=\"https:\/\/www.glitter.si\/wp-content\/uploads\/2025\/08\/ZEN_9072-4.jpg\" alt=\"\" \/>\n<figcaption class=\"wp-element-caption\">Foto: Zen<\/figcaption>\n<\/figure>\n\n\n\n<figure class=\"wp-block-image size-large\" style=\"text-align: justify;\"><img loading=\"lazy\" decoding=\"async\" width=\"800\" height=\"1000\" class=\"wp-image-345762\" src=\"https:\/\/www.glitter.si\/wp-content\/uploads\/2025\/08\/ZEN_9147-1.jpg\" alt=\"\" \/>\n<figcaption class=\"wp-element-caption\">Foto: Zen<\/figcaption>\n<\/figure>\n\n\n\n<figure class=\"wp-block-image size-large\" style=\"text-align: justify;\"><img loading=\"lazy\" decoding=\"async\" width=\"800\" height=\"1000\" class=\"wp-image-345754\" src=\"https:\/\/www.glitter.si\/wp-content\/uploads\/2025\/08\/ZEN_9084.jpg\" alt=\"\" \/>\n<figcaption class=\"wp-element-caption\">Foto: Zen<\/figcaption>\n<\/figure>\n\n\n\n<figure class=\"wp-block-image size-large\" style=\"text-align: justify;\"><img loading=\"lazy\" decoding=\"async\" width=\"800\" height=\"1000\" class=\"wp-image-345749\" src=\"https:\/\/www.glitter.si\/wp-content\/uploads\/2025\/08\/ZEN_9095-2.jpg\" alt=\"\" \/>\n<figcaption class=\"wp-element-caption\">Foto: Zen<\/figcaption>\n<\/figure>\n\n\n\n<figure class=\"wp-block-image size-large\" style=\"text-align: justify;\"><img loading=\"lazy\" decoding=\"async\" width=\"800\" height=\"1000\" class=\"wp-image-345765\" src=\"https:\/\/www.glitter.si\/wp-content\/uploads\/2025\/08\/ZEN_8974.jpg\" alt=\"\" \/>\n<figcaption class=\"wp-element-caption\">Foto: Zen<\/figcaption>\n<\/figure>\n\n\n\n<figure class=\"wp-block-image size-large\" style=\"text-align: justify;\"><img loading=\"lazy\" decoding=\"async\" width=\"800\" height=\"1000\" class=\"wp-image-345752\" src=\"https:\/\/www.glitter.si\/wp-content\/uploads\/2025\/08\/ZEN_9111-1.jpg\" alt=\"\" \/>\n<figcaption class=\"wp-element-caption\">Foto: Zen<\/figcaption>\n<\/figure>\n\n\n\n<figure class=\"wp-block-image size-large\" style=\"text-align: justify;\"><img loading=\"lazy\" decoding=\"async\" width=\"800\" height=\"1000\" class=\"wp-image-345760\" src=\"https:\/\/www.glitter.si\/wp-content\/uploads\/2025\/08\/ZEN_9150.jpg\" alt=\"\" \/>\n<figcaption class=\"wp-element-caption\">Foto: Zen<\/figcaption>\n<\/figure>\n\n\n\n<figure class=\"wp-block-image size-large\" style=\"text-align: justify;\"><img loading=\"lazy\" decoding=\"async\" width=\"800\" height=\"1000\" class=\"wp-image-345750\" src=\"https:\/\/www.glitter.si\/wp-content\/uploads\/2025\/08\/ZEN_9090.jpg\" alt=\"\" \/>\n<figcaption class=\"wp-element-caption\">Foto: Zen<\/figcaption>\n<\/figure>\n\n\n\n<figure class=\"wp-block-image size-large\" style=\"text-align: justify;\"><img loading=\"lazy\" decoding=\"async\" width=\"800\" height=\"1008\" class=\"wp-image-345757\" src=\"https:\/\/www.glitter.si\/wp-content\/uploads\/2025\/08\/ZEN_9123-1.jpg\" alt=\"\" \/>\n<figcaption class=\"wp-element-caption\">Foto: Zen<\/figcaption>\n<\/figure>\n\n\n\n<figure class=\"wp-block-image size-large\" style=\"text-align: justify;\"><img loading=\"lazy\" decoding=\"async\" width=\"800\" height=\"1000\" class=\"wp-image-345759\" src=\"https:\/\/www.glitter.si\/wp-content\/uploads\/2025\/08\/ZEN_9156-1.jpg\" alt=\"\" \/>\n<figcaption class=\"wp-element-caption\">Foto: Zen<\/figcaption>\n<\/figure>\n\n\n\n<figure class=\"wp-block-image size-large\" style=\"text-align: justify;\"><img loading=\"lazy\" decoding=\"async\" width=\"800\" height=\"1000\" class=\"wp-image-345758\" src=\"https:\/\/www.glitter.si\/wp-content\/uploads\/2025\/08\/ZEN_9164.jpg\" alt=\"\" \/>\n<figcaption class=\"wp-element-caption\">Foto: Zen<\/figcaption>\n<\/figure>\n\n\n\n<figure class=\"wp-block-image size-large\" style=\"text-align: justify;\"><img loading=\"lazy\" decoding=\"async\" width=\"800\" height=\"1000\" class=\"wp-image-345761\" src=\"https:\/\/www.glitter.si\/wp-content\/uploads\/2025\/08\/ZEN_9173-1.jpg\" alt=\"\" \/>\n<figcaption class=\"wp-element-caption\">Foto: Zen<\/figcaption>\n<\/figure>\n\n\n\n<figure class=\"wp-block-image size-large\" style=\"text-align: justify;\"><img loading=\"lazy\" decoding=\"async\" width=\"800\" height=\"1000\" class=\"wp-image-345763\" src=\"https:\/\/www.glitter.si\/wp-content\/uploads\/2025\/08\/ZEN_9169-2.jpg\" alt=\"\" \/>\n<figcaption class=\"wp-element-caption\">Foto: Zen<\/figcaption>\n<\/figure>\n","protected":false},"excerpt":{"rendered":"<p>Dana\u0161nji stajling dneva zaznamuje dolga lanena obleka v oran\u017eni barvi \u2013 lahkotna, zra\u010dna in izjemno poletna.<\/p>\n","protected":false},"author":4,"featured_media":345747,"comment_status":"open","ping_status":"closed","sticky":false,"template":"","format":"standard","meta":{"footnotes":""},"categories":[11],"tags":[6171,6758,8132,8327,9568,10447,11532,11535,13377,14724,15762,16786,18476],"class_list":{"0":"post-345745","1":"post","2":"type-post","3":"status-publish","4":"format-standard","5":"has-post-thumbnail","7":"category-lorellin-svet","8":"tag-jcrew","9":"tag-kate-spade","10":"tag-lilly-pulitzer","11":"tag-lorella-flego","12":"tag-moda","13":"tag-nasveti","14":"tag-oranzna","15":"tag-oranzna-obleka","16":"tag-promod","17":"tag-sezane","18":"tag-stil","19":"tag-trendi","20":"tag-zenske"},"yoast_head":"<!-- This site is optimized with the Yoast SEO plugin v27.4 - https:\/\/yoast.com\/product\/yoast-seo-wordpress\/ -->\n<title>Stajling dneva: oran\u017ena obleka - Glitter.si<\/title>\n<meta name=\"description\" content=\"Dana\u0161nji stajling dneva zaznamuje dolga lanena obleka v oran\u017eni barvi \u2013 lahkotna, zra\u010dna in izjemno poletna.\" \/>\n<meta name=\"robots\" content=\"index, follow, max-snippet:-1, max-image-preview:large, max-video-preview:-1\" \/>\n<link rel=\"canonical\" href=\"https:\/\/www.glitter.si\/stajling-dneva-oranzna-obleka\/\" \/>\n<meta property=\"og:locale\" content=\"sl_SI\" \/>\n<meta property=\"og:type\" content=\"article\" \/>\n<meta property=\"og:title\" content=\"Stajling dneva: oran\u017ena obleka - Glitter.si\" \/>\n<meta property=\"og:description\" content=\"Dana\u0161nji stajling dneva zaznamuje dolga lanena obleka v oran\u017eni barvi \u2013 lahkotna, zra\u010dna in izjemno poletna.\" \/>\n<meta property=\"og:url\" content=\"https:\/\/www.glitter.si\/stajling-dneva-oranzna-obleka\/\" \/>\n<meta property=\"og:site_name\" content=\"Glitter.si\" \/>\n<meta property=\"article:published_time\" content=\"2025-08-18T07:49:57+00:00\" \/>\n<meta property=\"og:image\" content=\"https:\/\/www.glitter.si\/wp-content\/uploads\/2025\/08\/ZEN_8997-1-e1755470278852.jpg\" \/>\n\t<meta property=\"og:image:width\" content=\"1000\" \/>\n\t<meta property=\"og:image:height\" content=\"612\" \/>\n\t<meta property=\"og:image:type\" content=\"image\/jpeg\" \/>\n<meta name=\"author\" content=\"Lorella Flego\" \/>\n<meta name=\"twitter:card\" content=\"summary_large_image\" \/>\n<meta name=\"twitter:label1\" content=\"Written by\" \/>\n\t<meta name=\"twitter:data1\" content=\"Lorella Flego\" \/>\n\t<meta name=\"twitter:label2\" content=\"Est. reading time\" \/>\n\t<meta name=\"twitter:data2\" content=\"6 minut\" \/>\n<script type=\"application\/ld+json\" class=\"yoast-schema-graph\">{\"@context\":\"https:\\\/\\\/schema.org\",\"@graph\":[{\"@type\":\"Article\",\"@id\":\"https:\\\/\\\/www.glitter.si\\\/stajling-dneva-oranzna-obleka\\\/#article\",\"isPartOf\":{\"@id\":\"https:\\\/\\\/www.glitter.si\\\/stajling-dneva-oranzna-obleka\\\/\"},\"author\":{\"name\":\"Lorella Flego\",\"@id\":\"https:\\\/\\\/www.glitter.si\\\/#\\\/schema\\\/person\\\/9a4d78dad37a90f82a094abee49027ba\"},\"headline\":\"Stajling dneva: oran\u017ena obleka\",\"datePublished\":\"2025-08-18T07:49:57+00:00\",\"mainEntityOfPage\":{\"@id\":\"https:\\\/\\\/www.glitter.si\\\/stajling-dneva-oranzna-obleka\\\/\"},\"wordCount\":376,\"commentCount\":0,\"image\":{\"@id\":\"https:\\\/\\\/www.glitter.si\\\/stajling-dneva-oranzna-obleka\\\/#primaryimage\"},\"thumbnailUrl\":\"https:\\\/\\\/www.glitter.si\\\/wp-content\\\/uploads\\\/2025\\\/08\\\/ZEN_8997-1-e1755470278852.jpg\",\"keywords\":[\"jcrew\",\"Kate Spade\",\"Lilly Pulitzer\",\"lorella flego\",\"moda\",\"nasveti\",\"oran\u017ena\",\"oran\u017ena obleka\",\"Promod\",\"sezane\",\"stil\",\"trendi\",\"\u017eenske\"],\"articleSection\":[\"Lorellin svet\"],\"inLanguage\":\"sl-SI\",\"potentialAction\":[{\"@type\":\"CommentAction\",\"name\":\"Comment\",\"target\":[\"https:\\\/\\\/www.glitter.si\\\/stajling-dneva-oranzna-obleka\\\/#respond\"]}]},{\"@type\":\"WebPage\",\"@id\":\"https:\\\/\\\/www.glitter.si\\\/stajling-dneva-oranzna-obleka\\\/\",\"url\":\"https:\\\/\\\/www.glitter.si\\\/stajling-dneva-oranzna-obleka\\\/\",\"name\":\"Stajling dneva: oran\u017ena obleka - Glitter.si\",\"isPartOf\":{\"@id\":\"https:\\\/\\\/www.glitter.si\\\/#website\"},\"primaryImageOfPage\":{\"@id\":\"https:\\\/\\\/www.glitter.si\\\/stajling-dneva-oranzna-obleka\\\/#primaryimage\"},\"image\":{\"@id\":\"https:\\\/\\\/www.glitter.si\\\/stajling-dneva-oranzna-obleka\\\/#primaryimage\"},\"thumbnailUrl\":\"https:\\\/\\\/www.glitter.si\\\/wp-content\\\/uploads\\\/2025\\\/08\\\/ZEN_8997-1-e1755470278852.jpg\",\"datePublished\":\"2025-08-18T07:49:57+00:00\",\"author\":{\"@id\":\"https:\\\/\\\/www.glitter.si\\\/#\\\/schema\\\/person\\\/9a4d78dad37a90f82a094abee49027ba\"},\"description\":\"Dana\u0161nji stajling dneva zaznamuje dolga lanena obleka v oran\u017eni barvi \u2013 lahkotna, zra\u010dna in izjemno poletna.\",\"breadcrumb\":{\"@id\":\"https:\\\/\\\/www.glitter.si\\\/stajling-dneva-oranzna-obleka\\\/#breadcrumb\"},\"inLanguage\":\"sl-SI\",\"potentialAction\":[{\"@type\":\"ReadAction\",\"target\":[\"https:\\\/\\\/www.glitter.si\\\/stajling-dneva-oranzna-obleka\\\/\"]}]},{\"@type\":\"ImageObject\",\"inLanguage\":\"sl-SI\",\"@id\":\"https:\\\/\\\/www.glitter.si\\\/stajling-dneva-oranzna-obleka\\\/#primaryimage\",\"url\":\"https:\\\/\\\/www.glitter.si\\\/wp-content\\\/uploads\\\/2025\\\/08\\\/ZEN_8997-1-e1755470278852.jpg\",\"contentUrl\":\"https:\\\/\\\/www.glitter.si\\\/wp-content\\\/uploads\\\/2025\\\/08\\\/ZEN_8997-1-e1755470278852.jpg\",\"width\":1000,\"height\":612},{\"@type\":\"BreadcrumbList\",\"@id\":\"https:\\\/\\\/www.glitter.si\\\/stajling-dneva-oranzna-obleka\\\/#breadcrumb\",\"itemListElement\":[{\"@type\":\"ListItem\",\"position\":1,\"name\":\"Home\",\"item\":\"https:\\\/\\\/www.glitter.si\\\/\"},{\"@type\":\"ListItem\",\"position\":2,\"name\":\"Stajling dneva: oran\u017ena obleka\"}]},{\"@type\":\"WebSite\",\"@id\":\"https:\\\/\\\/www.glitter.si\\\/#website\",\"url\":\"https:\\\/\\\/www.glitter.si\\\/\",\"name\":\"Glitter.si\",\"description\":\"spletna stran o vsem lepem\",\"potentialAction\":[{\"@type\":\"SearchAction\",\"target\":{\"@type\":\"EntryPoint\",\"urlTemplate\":\"https:\\\/\\\/www.glitter.si\\\/?s={search_term_string}\"},\"query-input\":{\"@type\":\"PropertyValueSpecification\",\"valueRequired\":true,\"valueName\":\"search_term_string\"}}],\"inLanguage\":\"sl-SI\"},{\"@type\":\"Person\",\"@id\":\"https:\\\/\\\/www.glitter.si\\\/#\\\/schema\\\/person\\\/9a4d78dad37a90f82a094abee49027ba\",\"name\":\"Lorella Flego\",\"image\":{\"@type\":\"ImageObject\",\"inLanguage\":\"sl-SI\",\"@id\":\"https:\\\/\\\/www.glitter.si\\\/wp-content\\\/uploads\\\/2026\\\/04\\\/Blog-lorella2-skort-airmesh2.jpg\",\"url\":\"https:\\\/\\\/www.glitter.si\\\/wp-content\\\/uploads\\\/2026\\\/04\\\/Blog-lorella2-skort-airmesh2.jpg\",\"contentUrl\":\"https:\\\/\\\/www.glitter.si\\\/wp-content\\\/uploads\\\/2026\\\/04\\\/Blog-lorella2-skort-airmesh2.jpg\",\"caption\":\"Lorella Flego\"},\"description\":\"Obo\u017eujem biti \u017eenska in tega ne bi zamenjala za ni\u010d na svetu. Moda mi je bila polo\u017eena v zibelko, v njeni dru\u017ebi pa mi ni nikoli dolg\u010das. Glitter.si je moj osebni pogled v svet, ki je v\u010dasih ro\u017enato obarvan, drugi\u010d di\u0161i po \u010dlove\u0161kih odnosih in psihologiji, tretji\u010d je lahkoten in prijeten, kot bi se nahajal na krilih ka\u010djega pastirja.\",\"url\":\"https:\\\/\\\/www.glitter.si\\\/author\\\/lorella\\\/\"}]}<\/script>\n<!-- \/ Yoast SEO plugin. -->","yoast_head_json":{"title":"Stajling dneva: oran\u017ena obleka - Glitter.si","description":"Dana\u0161nji stajling dneva zaznamuje dolga lanena obleka v oran\u017eni barvi \u2013 lahkotna, zra\u010dna in izjemno poletna.","robots":{"index":"index","follow":"follow","max-snippet":"max-snippet:-1","max-image-preview":"max-image-preview:large","max-video-preview":"max-video-preview:-1"},"canonical":"https:\/\/www.glitter.si\/stajling-dneva-oranzna-obleka\/","og_locale":"sl_SI","og_type":"article","og_title":"Stajling dneva: oran\u017ena obleka - Glitter.si","og_description":"Dana\u0161nji stajling dneva zaznamuje dolga lanena obleka v oran\u017eni barvi \u2013 lahkotna, zra\u010dna in izjemno poletna.","og_url":"https:\/\/www.glitter.si\/stajling-dneva-oranzna-obleka\/","og_site_name":"Glitter.si","article_published_time":"2025-08-18T07:49:57+00:00","og_image":[{"width":1000,"height":612,"url":"https:\/\/www.glitter.si\/wp-content\/uploads\/2025\/08\/ZEN_8997-1-e1755470278852.jpg","type":"image\/jpeg"}],"author":"Lorella Flego","twitter_card":"summary_large_image","twitter_misc":{"Written by":"Lorella Flego","Est. reading time":"6 minut"},"schema":{"@context":"https:\/\/schema.org","@graph":[{"@type":"Article","@id":"https:\/\/www.glitter.si\/stajling-dneva-oranzna-obleka\/#article","isPartOf":{"@id":"https:\/\/www.glitter.si\/stajling-dneva-oranzna-obleka\/"},"author":{"name":"Lorella Flego","@id":"https:\/\/www.glitter.si\/#\/schema\/person\/9a4d78dad37a90f82a094abee49027ba"},"headline":"Stajling dneva: oran\u017ena obleka","datePublished":"2025-08-18T07:49:57+00:00","mainEntityOfPage":{"@id":"https:\/\/www.glitter.si\/stajling-dneva-oranzna-obleka\/"},"wordCount":376,"commentCount":0,"image":{"@id":"https:\/\/www.glitter.si\/stajling-dneva-oranzna-obleka\/#primaryimage"},"thumbnailUrl":"https:\/\/www.glitter.si\/wp-content\/uploads\/2025\/08\/ZEN_8997-1-e1755470278852.jpg","keywords":["jcrew","Kate Spade","Lilly Pulitzer","lorella flego","moda","nasveti","oran\u017ena","oran\u017ena obleka","Promod","sezane","stil","trendi","\u017eenske"],"articleSection":["Lorellin svet"],"inLanguage":"sl-SI","potentialAction":[{"@type":"CommentAction","name":"Comment","target":["https:\/\/www.glitter.si\/stajling-dneva-oranzna-obleka\/#respond"]}]},{"@type":"WebPage","@id":"https:\/\/www.glitter.si\/stajling-dneva-oranzna-obleka\/","url":"https:\/\/www.glitter.si\/stajling-dneva-oranzna-obleka\/","name":"Stajling dneva: oran\u017ena obleka - Glitter.si","isPartOf":{"@id":"https:\/\/www.glitter.si\/#website"},"primaryImageOfPage":{"@id":"https:\/\/www.glitter.si\/stajling-dneva-oranzna-obleka\/#primaryimage"},"image":{"@id":"https:\/\/www.glitter.si\/stajling-dneva-oranzna-obleka\/#primaryimage"},"thumbnailUrl":"https:\/\/www.glitter.si\/wp-content\/uploads\/2025\/08\/ZEN_8997-1-e1755470278852.jpg","datePublished":"2025-08-18T07:49:57+00:00","author":{"@id":"https:\/\/www.glitter.si\/#\/schema\/person\/9a4d78dad37a90f82a094abee49027ba"},"description":"Dana\u0161nji stajling dneva zaznamuje dolga lanena obleka v oran\u017eni barvi \u2013 lahkotna, zra\u010dna in izjemno poletna.","breadcrumb":{"@id":"https:\/\/www.glitter.si\/stajling-dneva-oranzna-obleka\/#breadcrumb"},"inLanguage":"sl-SI","potentialAction":[{"@type":"ReadAction","target":["https:\/\/www.glitter.si\/stajling-dneva-oranzna-obleka\/"]}]},{"@type":"ImageObject","inLanguage":"sl-SI","@id":"https:\/\/www.glitter.si\/stajling-dneva-oranzna-obleka\/#primaryimage","url":"https:\/\/www.glitter.si\/wp-content\/uploads\/2025\/08\/ZEN_8997-1-e1755470278852.jpg","contentUrl":"https:\/\/www.glitter.si\/wp-content\/uploads\/2025\/08\/ZEN_8997-1-e1755470278852.jpg","width":1000,"height":612},{"@type":"BreadcrumbList","@id":"https:\/\/www.glitter.si\/stajling-dneva-oranzna-obleka\/#breadcrumb","itemListElement":[{"@type":"ListItem","position":1,"name":"Home","item":"https:\/\/www.glitter.si\/"},{"@type":"ListItem","position":2,"name":"Stajling dneva: oran\u017ena obleka"}]},{"@type":"WebSite","@id":"https:\/\/www.glitter.si\/#website","url":"https:\/\/www.glitter.si\/","name":"Glitter.si","description":"spletna stran o vsem lepem","potentialAction":[{"@type":"SearchAction","target":{"@type":"EntryPoint","urlTemplate":"https:\/\/www.glitter.si\/?s={search_term_string}"},"query-input":{"@type":"PropertyValueSpecification","valueRequired":true,"valueName":"search_term_string"}}],"inLanguage":"sl-SI"},{"@type":"Person","@id":"https:\/\/www.glitter.si\/#\/schema\/person\/9a4d78dad37a90f82a094abee49027ba","name":"Lorella Flego","image":{"@type":"ImageObject","inLanguage":"sl-SI","@id":"https:\/\/www.glitter.si\/wp-content\/uploads\/2026\/04\/Blog-lorella2-skort-airmesh2.jpg","url":"https:\/\/www.glitter.si\/wp-content\/uploads\/2026\/04\/Blog-lorella2-skort-airmesh2.jpg","contentUrl":"https:\/\/www.glitter.si\/wp-content\/uploads\/2026\/04\/Blog-lorella2-skort-airmesh2.jpg","caption":"Lorella Flego"},"description":"Obo\u017eujem biti \u017eenska in tega ne bi zamenjala za ni\u010d na svetu. Moda mi je bila polo\u017eena v zibelko, v njeni dru\u017ebi pa mi ni nikoli dolg\u010das. Glitter.si je moj osebni pogled v svet, ki je v\u010dasih ro\u017enato obarvan, drugi\u010d di\u0161i po \u010dlove\u0161kih odnosih in psihologiji, tretji\u010d je lahkoten in prijeten, kot bi se nahajal na krilih ka\u010djega pastirja.","url":"https:\/\/www.glitter.si\/author\/lorella\/"}]}},"_links":{"self":[{"href":"https:\/\/www.glitter.si\/wp-json\/wp\/v2\/posts\/345745","targetHints":{"allow":["GET"]}}],"collection":[{"href":"https:\/\/www.glitter.si\/wp-json\/wp\/v2\/posts"}],"about":[{"href":"https:\/\/www.glitter.si\/wp-json\/wp\/v2\/types\/post"}],"author":[{"embeddable":true,"href":"https:\/\/www.glitter.si\/wp-json\/wp\/v2\/users\/4"}],"replies":[{"embeddable":true,"href":"https:\/\/www.glitter.si\/wp-json\/wp\/v2\/comments?post=345745"}],"version-history":[{"count":0,"href":"https:\/\/www.glitter.si\/wp-json\/wp\/v2\/posts\/345745\/revisions"}],"wp:featuredmedia":[{"embeddable":true,"href":"https:\/\/www.glitter.si\/wp-json\/wp\/v2\/media\/345747"}],"wp:attachment":[{"href":"https:\/\/www.glitter.si\/wp-json\/wp\/v2\/media?parent=345745"}],"wp:term":[{"taxonomy":"category","embeddable":true,"href":"https:\/\/www.glitter.si\/wp-json\/wp\/v2\/categories?post=345745"},{"taxonomy":"post_tag","embeddable":true,"href":"https:\/\/www.glitter.si\/wp-json\/wp\/v2\/tags?post=345745"}],"curies":[{"name":"wp","href":"https:\/\/api.w.org\/{rel}","templated":true}]}}