{"id":346780,"date":"2025-09-30T12:51:45","date_gmt":"2025-09-30T10:51:45","guid":{"rendered":"https:\/\/www.glitter.si\/?p=346780"},"modified":"2025-09-30T12:51:45","modified_gmt":"2025-09-30T10:51:45","slug":"bez-kljucna-barva-jeseni-in-kako-jo-nositi-z-eleganco","status":"publish","type":"post","link":"https:\/\/www.glitter.si\/bez-kljucna-barva-jeseni-in-kako-jo-nositi-z-eleganco\/","title":{"rendered":"Be\u017e: klju\u010dna barva jeseni in kako jo nositi z eleganco"},"content":{"rendered":"\n<p style=\"text-align: justify;\">Be\u017e se vra\u010da na modno sceno in za jesen 2025 prevzema glavno vlogo. Njegove neskon\u010dne odtenke \u2013 od toplih peskastih tonov do hladnej\u0161ih kremnih razli\u010dic \u2013 oblikovalci letos predstavljajo kot barvo, ki nikoli ni dolgo\u010dasna. Na modnih pistah Max Mara, Burberry in The Row so total looki v be\u017e odtenkih dokazali, da je ta nevtralna barva lahko sinonim za sodoben luksuz: minimalisti\u010dna, a hkrati izjemno sofisticirana.<\/p>\n\n\n\n<p style=\"text-align: justify;\">Dolga leta je veljalo, da je be\u017e preve\u010d \u00bbploska\u00ab in premalo izrazita. Danes pa je zgodba povsem druga\u010dna \u2013 be\u017e je postala prava zaveznica za eleganten slog, ki ga lahko oblikujete za vsako prilo\u017enost.<\/p>\n\n\n\n<figure class=\"wp-block-gallery has-nested-images columns-default is-cropped wp-block-gallery-1 is-layout-flex wp-block-gallery-is-layout-flex\" style=\"text-align: justify;\">\n<figure class=\"wp-block-image size-large\"><img fetchpriority=\"high\" decoding=\"async\" width=\"736\" height=\"1104\" data-id=\"346908\" class=\"wp-image-346908\" src=\"https:\/\/www.glitter.si\/wp-content\/uploads\/2025\/09\/c95017ebb94afb486b7458633241a5c4.jpg\" alt=\"\" \/><\/figure>\n\n\n\n<figure class=\"wp-block-image size-large\"><img decoding=\"async\" width=\"736\" height=\"1104\" data-id=\"346905\" class=\"wp-image-346905\" src=\"https:\/\/www.glitter.si\/wp-content\/uploads\/2025\/09\/b2b78c7f1d93ecee46057d6f08ef2176.jpg\" alt=\"\" \/><\/figure>\n\n\n\n<figure class=\"wp-block-image size-large\"><img decoding=\"async\" width=\"720\" height=\"1280\" data-id=\"346906\" class=\"wp-image-346906\" src=\"https:\/\/www.glitter.si\/wp-content\/uploads\/2025\/09\/e0734510cbad9f110d64c17bc75234d5.jpg\" alt=\"\" \/><\/figure>\n\n\n\n<figure class=\"wp-block-image size-large\"><img loading=\"lazy\" decoding=\"async\" width=\"736\" height=\"1313\" data-id=\"346907\" class=\"wp-image-346907\" src=\"https:\/\/www.glitter.si\/wp-content\/uploads\/2025\/09\/488ab248fce5f2ab81ba851882cd0401.jpg\" alt=\"\" \/><\/figure>\n\n<figcaption class=\"blocks-gallery-caption wp-element-caption\">Foto: Pinterest<\/figcaption>\n<\/figure>\n\n\n\n<h2 class=\"wp-block-heading\" style=\"text-align: justify;\">Kako nositi be\u017e barvo jeseni 2025<\/h2>\n\n\n\n<h3 class=\"wp-block-heading\" style=\"text-align: justify;\">1. <strong>Total look za maksimalen u\u010dinek<\/strong><\/h3>\n\n\n\n<p style=\"text-align: justify;\">\u010ce \u017eelite slediti smernicam s presti\u017enih modnih hi\u0161, poskusite s popolnoma be\u017e kombinacijo. Pleten pulover v pe\u0161\u010deni barvi zdru\u017eite z be\u017e hla\u010dami visokega pasu in pla\u0161\u010dem v svetlej\u0161i kremni niansi. Igra odtenkov poskrbi, da videz deluje razko\u0161no in nikakor monotono.<\/p>\n\n\n\n<h3 class=\"wp-block-heading\" style=\"text-align: justify;\">2. <strong>Be\u017e kot osnova za barvite dodatke<\/strong><\/h3>\n\n\n\n<p style=\"text-align: justify;\">Ker je be\u017e nevtralna barva, se odli\u010dno ujema z mo\u010dnej\u0161imi poudarki. Rde\u010da torbica, smaragdno zelene \u010devlje ali modra svilena ruta bodo na be\u017e podlagi \u0161e bolj zasijali. To je idealna re\u0161itev za tiste, ki \u017eelite diskreten, a \u017eivahen slog.<\/p>\n\n\n\n<h3 class=\"wp-block-heading\" style=\"text-align: justify;\">3. <strong>Kombinacija s \u010drnino za kontrast<\/strong><\/h3>\n\n\n\n<p style=\"text-align: justify;\">Be\u017e v kombinaciji s \u010drno deluje ve\u010dno elegantno. Na primer: \u010drn puli, be\u017e suknji\u010d in \u010drne hla\u010de \u2013 videz, ki je hkrati poslovno resen in modno dovr\u0161en. To je tudi odli\u010dna izbira za pisarno.<\/p>\n\n\n\n<figure class=\"wp-block-gallery has-nested-images columns-default is-cropped wp-block-gallery-2 is-layout-flex wp-block-gallery-is-layout-flex\" style=\"text-align: justify;\">\n<figure class=\"wp-block-image size-large\"><img loading=\"lazy\" decoding=\"async\" width=\"736\" height=\"1104\" data-id=\"346911\" class=\"wp-image-346911\" src=\"https:\/\/www.glitter.si\/wp-content\/uploads\/2025\/09\/430ec65f92799b4bfca85853fc5eb01f.jpg\" alt=\"\" \/><\/figure>\n\n\n\n<figure class=\"wp-block-image size-large\"><img loading=\"lazy\" decoding=\"async\" width=\"682\" height=\"1200\" data-id=\"346910\" class=\"wp-image-346910\" src=\"https:\/\/www.glitter.si\/wp-content\/uploads\/2025\/09\/ce2b4e4fcbf9d75b9cd4c5aed926c4b3.jpg\" alt=\"\" \/><\/figure>\n\n\n\n<figure class=\"wp-block-image size-large\"><img loading=\"lazy\" decoding=\"async\" width=\"736\" height=\"1104\" data-id=\"346912\" class=\"wp-image-346912\" src=\"https:\/\/www.glitter.si\/wp-content\/uploads\/2025\/09\/c1d496aaa70c4857e97c2385a4536797.jpg\" alt=\"\" \/><\/figure>\n\n\n\n<figure class=\"wp-block-image size-large\"><img loading=\"lazy\" decoding=\"async\" width=\"832\" height=\"1248\" data-id=\"346909\" class=\"wp-image-346909\" src=\"https:\/\/www.glitter.si\/wp-content\/uploads\/2025\/09\/6b965814183fc96840672c14b9af7129.jpg\" alt=\"\" \/><\/figure>\n\n<figcaption class=\"blocks-gallery-caption wp-element-caption\">Foto: Pinterest<\/figcaption>\n<\/figure>\n\n\n\n<h3 class=\"wp-block-heading\" style=\"text-align: justify;\">4. <strong>Igra materialov<\/strong><\/h3>\n\n\n\n<p style=\"text-align: justify;\">\u010ce nosite be\u017e od glave do pet, naj bo poudarek na materialih. Usnje, volna, svila ali ka\u0161mir \u2013 raznolikost tekstur ustvari dimenzijo in razbije monotonost. Be\u017e pla\u0161\u010d iz volne, svilena bluza in hla\u010de iz mehkega usnja bodo sestavili moden, tridimenzionalen videz.<\/p>\n\n\n\n<h3 class=\"wp-block-heading\" style=\"text-align: justify;\">5. <strong>Be\u017e in denim<\/strong><\/h3>\n\n\n\n<p style=\"text-align: justify;\">Za vsakdan je kombinacija be\u017e in jeansa nepogre\u0161ljiva. Preprost be\u017e pulover ali blazer \u010dudovito dopolni modre kavbojke, ne glede na to, ali jih kombinirate s \u0161portnimi copati ali s petkami.<\/p>\n\n\n\n<h3 class=\"wp-block-heading\" style=\"text-align: justify;\">6. <strong>Prilagoditev tenu ko\u017ee<\/strong><\/h3>\n\n\n\n<ul class=\"wp-block-list\" style=\"text-align: justify;\">\n<li>\u010ce imate toplej\u0161i ten ko\u017ee, posegajte po pe\u0161\u010denih, karameli podobnih odtenkih.<\/li>\n\n\n\n<li>\u010ce je va\u0161 ten hladen, raje izberite kremne, skoraj sivkaste razli\u010dice be\u017e barve.<br \/>Prava izbira odtenka bo poskrbela, da boste zasijali, ne da bi barva prevzela glavno vlogo.<\/li>\n<\/ul>\n\n\n\n<figure class=\"wp-block-gallery has-nested-images columns-default is-cropped wp-block-gallery-3 is-layout-flex wp-block-gallery-is-layout-flex\" style=\"text-align: justify;\">\n<figure class=\"wp-block-image size-large\"><img loading=\"lazy\" decoding=\"async\" width=\"1200\" height=\"1599\" data-id=\"346916\" class=\"wp-image-346916\" src=\"https:\/\/www.glitter.si\/wp-content\/uploads\/2025\/02\/1060b5cb36acdad9a2dd42d5d942102f.jpg\" alt=\"\" \/><\/figure>\n\n\n\n<figure class=\"wp-block-image size-full\"><img loading=\"lazy\" decoding=\"async\" width=\"672\" height=\"873\" data-id=\"346917\" class=\"wp-image-346917\" src=\"https:\/\/www.glitter.si\/wp-content\/uploads\/2025\/09\/ed778538698c16c85174a63bde8c7f50.jpg\" alt=\"\" \/><\/figure>\n\n\n\n<figure class=\"wp-block-image size-large\"><img loading=\"lazy\" decoding=\"async\" width=\"736\" height=\"1111\" data-id=\"346913\" class=\"wp-image-346913\" src=\"https:\/\/www.glitter.si\/wp-content\/uploads\/2025\/09\/f9bdea7ea7e18649f1a517b86d1b917d.jpg\" alt=\"\" \/><\/figure>\n\n\n\n<figure class=\"wp-block-image size-large\"><img loading=\"lazy\" decoding=\"async\" width=\"736\" height=\"1312\" data-id=\"346914\" class=\"wp-image-346914\" src=\"https:\/\/www.glitter.si\/wp-content\/uploads\/2025\/01\/00291c58fa831bf36dbc23c0e864d414.jpg\" alt=\"\" \/><\/figure>\n\n<figcaption class=\"blocks-gallery-caption wp-element-caption\">Foto: Pinterest<\/figcaption>\n<\/figure>\n\n\n\n<h2 class=\"wp-block-heading\" style=\"text-align: justify;\">Be\u017e kot nova definicija minimalizma<\/h2>\n\n\n\n<p style=\"text-align: justify;\">Jeseni je be\u017e veliko ve\u010d kot le \u00bbvarna izbira\u00ab. Postala je sinonim za luksuz, minimalizem in sodobno \u017eenstvenost. V njejboste vedno delovali urejeno, sve\u017ee in v koraku z modnimi smernicami. In prav to je \u010dar \u2013 z malo truda ustvarite videz, ki nikoli ne gre iz mode.<\/p>\n\n\n\n<p style=\"text-align: justify;\">\u00a0<\/p>\n","protected":false},"excerpt":{"rendered":"<p>Na modnih pistah Max Mara, Burberry in The Row so total looki v be\u017e odtenkih dokazali, da je ta nevtralna barva lahko sinonim za sodoben luksuz: minimalisti\u010dna, a hkrati izjemno sofisticirana.<\/p>\n","protected":false},"author":4,"featured_media":346918,"comment_status":"open","ping_status":"closed","sticky":false,"template":"","format":"standard","meta":{"footnotes":""},"categories":[12,25,26],"tags":[1416,6254,9568,10447,15762,16786,18476],"class_list":{"0":"post-346780","1":"post","2":"type-post","3":"status-publish","4":"format-standard","5":"has-post-thumbnail","7":"category-moda","8":"category-style","9":"category-trendi","10":"tag-bez","11":"tag-jesen","12":"tag-moda","13":"tag-nasveti","14":"tag-stil","15":"tag-trendi","16":"tag-zenske"},"yoast_head":"<!-- This site is optimized with the Yoast SEO plugin v27.4 - https:\/\/yoast.com\/product\/yoast-seo-wordpress\/ -->\n<title>Be\u017e: klju\u010dna barva jeseni in kako jo nositi z eleganco - Glitter.si<\/title>\n<meta name=\"description\" content=\"Dolga leta je veljalo, da je be\u017e preve\u010d \u00bbploska\u00ab in premalo izrazita. Danes pa je zgodba povsem druga\u010dna, sploh jeseni.\" \/>\n<meta name=\"robots\" content=\"index, follow, max-snippet:-1, max-image-preview:large, max-video-preview:-1\" \/>\n<link rel=\"canonical\" href=\"https:\/\/www.glitter.si\/bez-kljucna-barva-jeseni-in-kako-jo-nositi-z-eleganco\/\" \/>\n<meta property=\"og:locale\" content=\"sl_SI\" \/>\n<meta property=\"og:type\" content=\"article\" \/>\n<meta property=\"og:title\" content=\"Be\u017e: klju\u010dna barva jeseni in kako jo nositi z eleganco - Glitter.si\" \/>\n<meta property=\"og:description\" content=\"Dolga leta je veljalo, da je be\u017e preve\u010d \u00bbploska\u00ab in premalo izrazita. Danes pa je zgodba povsem druga\u010dna, sploh jeseni.\" \/>\n<meta property=\"og:url\" content=\"https:\/\/www.glitter.si\/bez-kljucna-barva-jeseni-in-kako-jo-nositi-z-eleganco\/\" \/>\n<meta property=\"og:site_name\" content=\"Glitter.si\" \/>\n<meta property=\"article:published_time\" content=\"2025-09-30T10:51:45+00:00\" \/>\n<meta property=\"og:image\" content=\"https:\/\/www.glitter.si\/wp-content\/uploads\/2025\/09\/21084045508_e36d8f2d42_o.jpg\" \/>\n\t<meta property=\"og:image:width\" content=\"940\" \/>\n\t<meta property=\"og:image:height\" content=\"627\" \/>\n\t<meta property=\"og:image:type\" content=\"image\/jpeg\" \/>\n<meta name=\"author\" content=\"Lorella Flego\" \/>\n<meta name=\"twitter:card\" content=\"summary_large_image\" \/>\n<meta name=\"twitter:label1\" content=\"Written by\" \/>\n\t<meta name=\"twitter:data1\" content=\"Lorella Flego\" \/>\n\t<meta name=\"twitter:label2\" content=\"Est. reading time\" \/>\n\t<meta name=\"twitter:data2\" content=\"5 minut\" \/>\n<script type=\"application\/ld+json\" class=\"yoast-schema-graph\">{\"@context\":\"https:\\\/\\\/schema.org\",\"@graph\":[{\"@type\":\"Article\",\"@id\":\"https:\\\/\\\/www.glitter.si\\\/bez-kljucna-barva-jeseni-in-kako-jo-nositi-z-eleganco\\\/#article\",\"isPartOf\":{\"@id\":\"https:\\\/\\\/www.glitter.si\\\/bez-kljucna-barva-jeseni-in-kako-jo-nositi-z-eleganco\\\/\"},\"author\":{\"name\":\"Lorella Flego\",\"@id\":\"https:\\\/\\\/www.glitter.si\\\/#\\\/schema\\\/person\\\/9a4d78dad37a90f82a094abee49027ba\"},\"headline\":\"Be\u017e: klju\u010dna barva jeseni in kako jo nositi z eleganco\",\"datePublished\":\"2025-09-30T10:51:45+00:00\",\"mainEntityOfPage\":{\"@id\":\"https:\\\/\\\/www.glitter.si\\\/bez-kljucna-barva-jeseni-in-kako-jo-nositi-z-eleganco\\\/\"},\"wordCount\":448,\"commentCount\":0,\"image\":{\"@id\":\"https:\\\/\\\/www.glitter.si\\\/bez-kljucna-barva-jeseni-in-kako-jo-nositi-z-eleganco\\\/#primaryimage\"},\"thumbnailUrl\":\"https:\\\/\\\/www.glitter.si\\\/wp-content\\\/uploads\\\/2025\\\/09\\\/21084045508_e36d8f2d42_o.jpg\",\"keywords\":[\"be\u017e\",\"jesen\",\"moda\",\"nasveti\",\"stil\",\"trendi\",\"\u017eenske\"],\"articleSection\":[\"Moda\",\"Style\",\"Trendi\"],\"inLanguage\":\"sl-SI\",\"potentialAction\":[{\"@type\":\"CommentAction\",\"name\":\"Comment\",\"target\":[\"https:\\\/\\\/www.glitter.si\\\/bez-kljucna-barva-jeseni-in-kako-jo-nositi-z-eleganco\\\/#respond\"]}]},{\"@type\":\"WebPage\",\"@id\":\"https:\\\/\\\/www.glitter.si\\\/bez-kljucna-barva-jeseni-in-kako-jo-nositi-z-eleganco\\\/\",\"url\":\"https:\\\/\\\/www.glitter.si\\\/bez-kljucna-barva-jeseni-in-kako-jo-nositi-z-eleganco\\\/\",\"name\":\"Be\u017e: klju\u010dna barva jeseni in kako jo nositi z eleganco - Glitter.si\",\"isPartOf\":{\"@id\":\"https:\\\/\\\/www.glitter.si\\\/#website\"},\"primaryImageOfPage\":{\"@id\":\"https:\\\/\\\/www.glitter.si\\\/bez-kljucna-barva-jeseni-in-kako-jo-nositi-z-eleganco\\\/#primaryimage\"},\"image\":{\"@id\":\"https:\\\/\\\/www.glitter.si\\\/bez-kljucna-barva-jeseni-in-kako-jo-nositi-z-eleganco\\\/#primaryimage\"},\"thumbnailUrl\":\"https:\\\/\\\/www.glitter.si\\\/wp-content\\\/uploads\\\/2025\\\/09\\\/21084045508_e36d8f2d42_o.jpg\",\"datePublished\":\"2025-09-30T10:51:45+00:00\",\"author\":{\"@id\":\"https:\\\/\\\/www.glitter.si\\\/#\\\/schema\\\/person\\\/9a4d78dad37a90f82a094abee49027ba\"},\"description\":\"Dolga leta je veljalo, da je be\u017e preve\u010d \u00bbploska\u00ab in premalo izrazita. Danes pa je zgodba povsem druga\u010dna, sploh jeseni.\",\"breadcrumb\":{\"@id\":\"https:\\\/\\\/www.glitter.si\\\/bez-kljucna-barva-jeseni-in-kako-jo-nositi-z-eleganco\\\/#breadcrumb\"},\"inLanguage\":\"sl-SI\",\"potentialAction\":[{\"@type\":\"ReadAction\",\"target\":[\"https:\\\/\\\/www.glitter.si\\\/bez-kljucna-barva-jeseni-in-kako-jo-nositi-z-eleganco\\\/\"]}]},{\"@type\":\"ImageObject\",\"inLanguage\":\"sl-SI\",\"@id\":\"https:\\\/\\\/www.glitter.si\\\/bez-kljucna-barva-jeseni-in-kako-jo-nositi-z-eleganco\\\/#primaryimage\",\"url\":\"https:\\\/\\\/www.glitter.si\\\/wp-content\\\/uploads\\\/2025\\\/09\\\/21084045508_e36d8f2d42_o.jpg\",\"contentUrl\":\"https:\\\/\\\/www.glitter.si\\\/wp-content\\\/uploads\\\/2025\\\/09\\\/21084045508_e36d8f2d42_o.jpg\",\"width\":940,\"height\":627},{\"@type\":\"BreadcrumbList\",\"@id\":\"https:\\\/\\\/www.glitter.si\\\/bez-kljucna-barva-jeseni-in-kako-jo-nositi-z-eleganco\\\/#breadcrumb\",\"itemListElement\":[{\"@type\":\"ListItem\",\"position\":1,\"name\":\"Home\",\"item\":\"https:\\\/\\\/www.glitter.si\\\/\"},{\"@type\":\"ListItem\",\"position\":2,\"name\":\"Be\u017e: klju\u010dna barva jeseni in kako jo nositi z eleganco\"}]},{\"@type\":\"WebSite\",\"@id\":\"https:\\\/\\\/www.glitter.si\\\/#website\",\"url\":\"https:\\\/\\\/www.glitter.si\\\/\",\"name\":\"Glitter.si\",\"description\":\"spletna stran o vsem lepem\",\"potentialAction\":[{\"@type\":\"SearchAction\",\"target\":{\"@type\":\"EntryPoint\",\"urlTemplate\":\"https:\\\/\\\/www.glitter.si\\\/?s={search_term_string}\"},\"query-input\":{\"@type\":\"PropertyValueSpecification\",\"valueRequired\":true,\"valueName\":\"search_term_string\"}}],\"inLanguage\":\"sl-SI\"},{\"@type\":\"Person\",\"@id\":\"https:\\\/\\\/www.glitter.si\\\/#\\\/schema\\\/person\\\/9a4d78dad37a90f82a094abee49027ba\",\"name\":\"Lorella Flego\",\"image\":{\"@type\":\"ImageObject\",\"inLanguage\":\"sl-SI\",\"@id\":\"https:\\\/\\\/www.glitter.si\\\/wp-content\\\/uploads\\\/2026\\\/04\\\/Blog-lorella2-skort-airmesh2.jpg\",\"url\":\"https:\\\/\\\/www.glitter.si\\\/wp-content\\\/uploads\\\/2026\\\/04\\\/Blog-lorella2-skort-airmesh2.jpg\",\"contentUrl\":\"https:\\\/\\\/www.glitter.si\\\/wp-content\\\/uploads\\\/2026\\\/04\\\/Blog-lorella2-skort-airmesh2.jpg\",\"caption\":\"Lorella Flego\"},\"description\":\"Obo\u017eujem biti \u017eenska in tega ne bi zamenjala za ni\u010d na svetu. Moda mi je bila polo\u017eena v zibelko, v njeni dru\u017ebi pa mi ni nikoli dolg\u010das. Glitter.si je moj osebni pogled v svet, ki je v\u010dasih ro\u017enato obarvan, drugi\u010d di\u0161i po \u010dlove\u0161kih odnosih in psihologiji, tretji\u010d je lahkoten in prijeten, kot bi se nahajal na krilih ka\u010djega pastirja.\",\"url\":\"https:\\\/\\\/www.glitter.si\\\/author\\\/lorella\\\/\"}]}<\/script>\n<!-- \/ Yoast SEO plugin. -->","yoast_head_json":{"title":"Be\u017e: klju\u010dna barva jeseni in kako jo nositi z eleganco - Glitter.si","description":"Dolga leta je veljalo, da je be\u017e preve\u010d \u00bbploska\u00ab in premalo izrazita. Danes pa je zgodba povsem druga\u010dna, sploh jeseni.","robots":{"index":"index","follow":"follow","max-snippet":"max-snippet:-1","max-image-preview":"max-image-preview:large","max-video-preview":"max-video-preview:-1"},"canonical":"https:\/\/www.glitter.si\/bez-kljucna-barva-jeseni-in-kako-jo-nositi-z-eleganco\/","og_locale":"sl_SI","og_type":"article","og_title":"Be\u017e: klju\u010dna barva jeseni in kako jo nositi z eleganco - Glitter.si","og_description":"Dolga leta je veljalo, da je be\u017e preve\u010d \u00bbploska\u00ab in premalo izrazita. Danes pa je zgodba povsem druga\u010dna, sploh jeseni.","og_url":"https:\/\/www.glitter.si\/bez-kljucna-barva-jeseni-in-kako-jo-nositi-z-eleganco\/","og_site_name":"Glitter.si","article_published_time":"2025-09-30T10:51:45+00:00","og_image":[{"width":940,"height":627,"url":"https:\/\/www.glitter.si\/wp-content\/uploads\/2025\/09\/21084045508_e36d8f2d42_o.jpg","type":"image\/jpeg"}],"author":"Lorella Flego","twitter_card":"summary_large_image","twitter_misc":{"Written by":"Lorella Flego","Est. reading time":"5 minut"},"schema":{"@context":"https:\/\/schema.org","@graph":[{"@type":"Article","@id":"https:\/\/www.glitter.si\/bez-kljucna-barva-jeseni-in-kako-jo-nositi-z-eleganco\/#article","isPartOf":{"@id":"https:\/\/www.glitter.si\/bez-kljucna-barva-jeseni-in-kako-jo-nositi-z-eleganco\/"},"author":{"name":"Lorella Flego","@id":"https:\/\/www.glitter.si\/#\/schema\/person\/9a4d78dad37a90f82a094abee49027ba"},"headline":"Be\u017e: klju\u010dna barva jeseni in kako jo nositi z eleganco","datePublished":"2025-09-30T10:51:45+00:00","mainEntityOfPage":{"@id":"https:\/\/www.glitter.si\/bez-kljucna-barva-jeseni-in-kako-jo-nositi-z-eleganco\/"},"wordCount":448,"commentCount":0,"image":{"@id":"https:\/\/www.glitter.si\/bez-kljucna-barva-jeseni-in-kako-jo-nositi-z-eleganco\/#primaryimage"},"thumbnailUrl":"https:\/\/www.glitter.si\/wp-content\/uploads\/2025\/09\/21084045508_e36d8f2d42_o.jpg","keywords":["be\u017e","jesen","moda","nasveti","stil","trendi","\u017eenske"],"articleSection":["Moda","Style","Trendi"],"inLanguage":"sl-SI","potentialAction":[{"@type":"CommentAction","name":"Comment","target":["https:\/\/www.glitter.si\/bez-kljucna-barva-jeseni-in-kako-jo-nositi-z-eleganco\/#respond"]}]},{"@type":"WebPage","@id":"https:\/\/www.glitter.si\/bez-kljucna-barva-jeseni-in-kako-jo-nositi-z-eleganco\/","url":"https:\/\/www.glitter.si\/bez-kljucna-barva-jeseni-in-kako-jo-nositi-z-eleganco\/","name":"Be\u017e: klju\u010dna barva jeseni in kako jo nositi z eleganco - Glitter.si","isPartOf":{"@id":"https:\/\/www.glitter.si\/#website"},"primaryImageOfPage":{"@id":"https:\/\/www.glitter.si\/bez-kljucna-barva-jeseni-in-kako-jo-nositi-z-eleganco\/#primaryimage"},"image":{"@id":"https:\/\/www.glitter.si\/bez-kljucna-barva-jeseni-in-kako-jo-nositi-z-eleganco\/#primaryimage"},"thumbnailUrl":"https:\/\/www.glitter.si\/wp-content\/uploads\/2025\/09\/21084045508_e36d8f2d42_o.jpg","datePublished":"2025-09-30T10:51:45+00:00","author":{"@id":"https:\/\/www.glitter.si\/#\/schema\/person\/9a4d78dad37a90f82a094abee49027ba"},"description":"Dolga leta je veljalo, da je be\u017e preve\u010d \u00bbploska\u00ab in premalo izrazita. Danes pa je zgodba povsem druga\u010dna, sploh jeseni.","breadcrumb":{"@id":"https:\/\/www.glitter.si\/bez-kljucna-barva-jeseni-in-kako-jo-nositi-z-eleganco\/#breadcrumb"},"inLanguage":"sl-SI","potentialAction":[{"@type":"ReadAction","target":["https:\/\/www.glitter.si\/bez-kljucna-barva-jeseni-in-kako-jo-nositi-z-eleganco\/"]}]},{"@type":"ImageObject","inLanguage":"sl-SI","@id":"https:\/\/www.glitter.si\/bez-kljucna-barva-jeseni-in-kako-jo-nositi-z-eleganco\/#primaryimage","url":"https:\/\/www.glitter.si\/wp-content\/uploads\/2025\/09\/21084045508_e36d8f2d42_o.jpg","contentUrl":"https:\/\/www.glitter.si\/wp-content\/uploads\/2025\/09\/21084045508_e36d8f2d42_o.jpg","width":940,"height":627},{"@type":"BreadcrumbList","@id":"https:\/\/www.glitter.si\/bez-kljucna-barva-jeseni-in-kako-jo-nositi-z-eleganco\/#breadcrumb","itemListElement":[{"@type":"ListItem","position":1,"name":"Home","item":"https:\/\/www.glitter.si\/"},{"@type":"ListItem","position":2,"name":"Be\u017e: klju\u010dna barva jeseni in kako jo nositi z eleganco"}]},{"@type":"WebSite","@id":"https:\/\/www.glitter.si\/#website","url":"https:\/\/www.glitter.si\/","name":"Glitter.si","description":"spletna stran o vsem lepem","potentialAction":[{"@type":"SearchAction","target":{"@type":"EntryPoint","urlTemplate":"https:\/\/www.glitter.si\/?s={search_term_string}"},"query-input":{"@type":"PropertyValueSpecification","valueRequired":true,"valueName":"search_term_string"}}],"inLanguage":"sl-SI"},{"@type":"Person","@id":"https:\/\/www.glitter.si\/#\/schema\/person\/9a4d78dad37a90f82a094abee49027ba","name":"Lorella Flego","image":{"@type":"ImageObject","inLanguage":"sl-SI","@id":"https:\/\/www.glitter.si\/wp-content\/uploads\/2026\/04\/Blog-lorella2-skort-airmesh2.jpg","url":"https:\/\/www.glitter.si\/wp-content\/uploads\/2026\/04\/Blog-lorella2-skort-airmesh2.jpg","contentUrl":"https:\/\/www.glitter.si\/wp-content\/uploads\/2026\/04\/Blog-lorella2-skort-airmesh2.jpg","caption":"Lorella Flego"},"description":"Obo\u017eujem biti \u017eenska in tega ne bi zamenjala za ni\u010d na svetu. Moda mi je bila polo\u017eena v zibelko, v njeni dru\u017ebi pa mi ni nikoli dolg\u010das. Glitter.si je moj osebni pogled v svet, ki je v\u010dasih ro\u017enato obarvan, drugi\u010d di\u0161i po \u010dlove\u0161kih odnosih in psihologiji, tretji\u010d je lahkoten in prijeten, kot bi se nahajal na krilih ka\u010djega pastirja.","url":"https:\/\/www.glitter.si\/author\/lorella\/"}]}},"_links":{"self":[{"href":"https:\/\/www.glitter.si\/wp-json\/wp\/v2\/posts\/346780","targetHints":{"allow":["GET"]}}],"collection":[{"href":"https:\/\/www.glitter.si\/wp-json\/wp\/v2\/posts"}],"about":[{"href":"https:\/\/www.glitter.si\/wp-json\/wp\/v2\/types\/post"}],"author":[{"embeddable":true,"href":"https:\/\/www.glitter.si\/wp-json\/wp\/v2\/users\/4"}],"replies":[{"embeddable":true,"href":"https:\/\/www.glitter.si\/wp-json\/wp\/v2\/comments?post=346780"}],"version-history":[{"count":0,"href":"https:\/\/www.glitter.si\/wp-json\/wp\/v2\/posts\/346780\/revisions"}],"wp:featuredmedia":[{"embeddable":true,"href":"https:\/\/www.glitter.si\/wp-json\/wp\/v2\/media\/346918"}],"wp:attachment":[{"href":"https:\/\/www.glitter.si\/wp-json\/wp\/v2\/media?parent=346780"}],"wp:term":[{"taxonomy":"category","embeddable":true,"href":"https:\/\/www.glitter.si\/wp-json\/wp\/v2\/categories?post=346780"},{"taxonomy":"post_tag","embeddable":true,"href":"https:\/\/www.glitter.si\/wp-json\/wp\/v2\/tags?post=346780"}],"curies":[{"name":"wp","href":"https:\/\/api.w.org\/{rel}","templated":true}]}}