{"id":351333,"date":"2025-12-15T12:43:54","date_gmt":"2025-12-15T11:43:54","guid":{"rendered":"https:\/\/www.glitter.si\/?p=351333"},"modified":"2025-12-15T12:43:54","modified_gmt":"2025-12-15T11:43:54","slug":"taylor-swift-praznuje-36-let-s-stilom-in-glasbo-je-definirala-celo-generacijo","status":"publish","type":"post","link":"https:\/\/www.glitter.si\/taylor-swift-praznuje-36-let-s-stilom-in-glasbo-je-definirala-celo-generacijo\/","title":{"rendered":"Taylor Swift praznuje 36 let: s stilom in glasbo je definirala celo generacijo"},"content":{"rendered":"\n<p style=\"text-align: justify;\">Taylor Swift praznuje 36. rojstni dan in ob tej prilo\u017enosti je jasno eno: ne praznujemo zgolj rojstnega dne glasbenice, temve\u010d fenomena, ki je v zadnjih skoraj dveh desetletjih spremenil na\u010din, kako dojemamo glasbo, modo in \u017eensko identiteto v pop kulturi.<\/p>\n\n\n\n<figure class=\"wp-block-image size-full\" style=\"text-align: justify;\"><img fetchpriority=\"high\" decoding=\"async\" width=\"1000\" height=\"678\" class=\"wp-image-351390\" src=\"https:\/\/www.glitter.si\/wp-content\/uploads\/Screenshot-2025-12-13-at-19.54.52.jpg\" alt=\"\" \/>\n<figcaption class=\"wp-element-caption\">Foto: Getty<\/figcaption>\n<\/figure>\n\n\n\n<p style=\"text-align: justify;\">Ko se je Taylor kot najstnica pojavila na country sceni, je bila njena podoba ne\u017ena, romanti\u010dna in skoraj pravlji\u010dna. Kodrasti lasje, lahkotne obleke, kavbojski \u0161kornji in besedila o prvih ljubeznih so jo hitro postavili v vlogo ameri\u0161ke deklice iz sosednje ulice. A \u017ee takrat je bilo jasno, da gre za avtorico z izjemnim ob\u010dutkom za pripovedovanje zgodb in natan\u010dno grajenje lastne podobe.<\/p>\n\n\n\n<figure class=\"wp-block-image size-full\" style=\"text-align: justify;\"><img decoding=\"async\" width=\"1000\" height=\"696\" class=\"wp-image-351392\" src=\"https:\/\/www.glitter.si\/wp-content\/uploads\/Screenshot-2025-12-13-at-19.55.03.jpg\" alt=\"\" \/>\n<figcaption class=\"wp-element-caption\">Foto: Getty<\/figcaption>\n<\/figure>\n\n\n\n<figure class=\"wp-block-image size-full\" style=\"text-align: justify;\"><img decoding=\"async\" width=\"1000\" height=\"701\" class=\"wp-image-351391\" src=\"https:\/\/www.glitter.si\/wp-content\/uploads\/Screenshot-2025-12-13-at-19.54.58.jpg\" alt=\"\" \/>\n<figcaption class=\"wp-element-caption\">Foto: Getty<\/figcaption>\n<\/figure>\n\n\n\n<p style=\"text-align: justify;\">Skozi leta se je njen slog razvijal vzporedno z glasbo. Kot je ve\u010dkrat izpostavil tudi Vogue, je Taylor Swift ena redkih zvezdnic, ki je svoj modni slog vedno uporabljala kot podalj\u0161ek umetni\u0161ke vizije. Vsaka njena era je imela jasno definirano estetiko. Prehod iz countryja v pop je prinesel bolj strukturirane silhuete, kratke hla\u010de z visokim pasom, crop tope in retro navdih, ki je zaznamoval obdobje albuma 1989. Takrat je dokon\u010dno vstopila v svet modne ikone in za\u010dela redno sedeti v prvih vrstah modnih revij.<\/p>\n\n\n\n<figure class=\"wp-block-image size-full\" style=\"text-align: justify;\"><img loading=\"lazy\" decoding=\"async\" width=\"1000\" height=\"690\" class=\"wp-image-351394\" src=\"https:\/\/www.glitter.si\/wp-content\/uploads\/Screenshot-2025-12-13-at-19.55.12.jpg\" alt=\"\" \/>\n<figcaption class=\"wp-element-caption\">Foto: Getty<\/figcaption>\n<\/figure>\n\n\n\n<figure class=\"wp-block-image size-full\" style=\"text-align: justify;\"><img loading=\"lazy\" decoding=\"async\" width=\"1000\" height=\"706\" class=\"wp-image-351393\" src=\"https:\/\/www.glitter.si\/wp-content\/uploads\/Screenshot-2025-12-13-at-19.55.07.jpg\" alt=\"\" \/>\n<figcaption class=\"wp-element-caption\">Foto: Getty<\/figcaption>\n<\/figure>\n\n\n\n<p style=\"text-align: justify;\">Posebno poglavje predstavlja njeno bolj umirjeno, introspektivno obdobje z albumoma Folklore in Evermore. Mehke pletenine, volneni pla\u0161\u010di, karirasti vzorci in naravni materiali so spro\u017eili pravi val cottagecore estetike, ki se je raz\u0161iril dale\u010d onkraj glasbene industrije. Vogue je to obdobje opisal kot trenutek, ko je Taylor ustvarila novo modno identiteto, ki ni temeljila na glamurju, temve\u010d na ob\u010dutku intime, nostalgije in avtenti\u010dnosti.<\/p>\n\n\n\n<figure class=\"wp-block-image size-full\" style=\"text-align: justify;\"><img loading=\"lazy\" decoding=\"async\" width=\"1000\" height=\"707\" class=\"wp-image-351396\" src=\"https:\/\/www.glitter.si\/wp-content\/uploads\/Screenshot-2025-12-13-at-19.55.28.jpg\" alt=\"\" \/>\n<figcaption class=\"wp-element-caption\">Foto: Getty<\/figcaption>\n<\/figure>\n\n\n\n<figure class=\"wp-block-image size-full\" style=\"text-align: justify;\"><img loading=\"lazy\" decoding=\"async\" width=\"1000\" height=\"701\" class=\"wp-image-351395\" src=\"https:\/\/www.glitter.si\/wp-content\/uploads\/Screenshot-2025-12-13-at-19.55.16.jpg\" alt=\"\" \/>\n<figcaption class=\"wp-element-caption\">Foto: Getty<\/figcaption>\n<\/figure>\n\n\n\n<p style=\"text-align: justify;\">Z Eras turnejo pa je Taylor znova dokazala, da zna obvladovati spektakel. Ble\u0161\u010de\u010di bodiji, kristali, \u0161kornji in kostumi, ki vizualno povzemajo njeno celotno kariero, so postali globalna referenca. Njeni koncertni outfiti so vplivali na modo festivalov, na ponudbo hitre mode in na to, kako se \u017eenske obla\u010dijo za posebne prilo\u017enosti. Taylor Swift ne sledi trendom, temve\u010d jih spro\u017ea.<\/p>\n\n\n\n<figure class=\"wp-block-gallery has-nested-images columns-default is-cropped wp-block-gallery-1 is-layout-flex wp-block-gallery-is-layout-flex\" style=\"text-align: justify;\">\n<figure class=\"wp-block-image size-large\"><img loading=\"lazy\" decoding=\"async\" width=\"625\" height=\"938\" data-id=\"351397\" class=\"wp-image-351397\" src=\"https:\/\/www.glitter.si\/wp-content\/uploads\/b7c8d720b7fa585dbfb56973443129bb.jpg\" alt=\"\" \/><\/figure>\n\n\n\n<figure class=\"wp-block-image size-large\"><img loading=\"lazy\" decoding=\"async\" width=\"1200\" height=\"1799\" data-id=\"351398\" class=\"wp-image-351398\" src=\"https:\/\/www.glitter.si\/wp-content\/uploads\/d788abd20879f802fd506db9a5103518.jpg\" alt=\"\" \/><\/figure>\n\n<figcaption class=\"blocks-gallery-caption wp-element-caption\">Foto: Getty<\/figcaption>\n<\/figure>\n\n\n\n<p style=\"text-align: justify;\">Njen vpliv pa se ne ustavi pri modi. Taylor je ena klju\u010dnih osebnosti, ki je country glasbo pribli\u017eala globalnemu ob\u010dinstvu in jo postopoma preoblikovala v sodobno pop pripovedni\u0161tvo. S tem je odprla vrata \u0161tevilnim mlaj\u0161im izvajalkam, ki danes svobodno prehajajo med \u017eanri, ne da bi pri tem izgubile svojo identiteto. Njena kariera dokazuje, da je mogo\u010de biti hkrati komercialno uspe\u0161en in umetni\u0161ko relevanten.<\/p>\n\n\n\n<figure class=\"wp-block-gallery has-nested-images columns-default is-cropped wp-block-gallery-2 is-layout-flex wp-block-gallery-is-layout-flex\" style=\"text-align: justify;\">\n<figure class=\"wp-block-image size-large\"><img loading=\"lazy\" decoding=\"async\" width=\"864\" height=\"1184\" data-id=\"351400\" class=\"wp-image-351400\" src=\"https:\/\/www.glitter.si\/wp-content\/uploads\/e97a04639b023b22754de29dcf34d0d3.jpg\" alt=\"\" \/><\/figure>\n\n\n\n<figure class=\"wp-block-image size-large\"><img loading=\"lazy\" decoding=\"async\" width=\"736\" height=\"1103\" data-id=\"351399\" class=\"wp-image-351399\" src=\"https:\/\/www.glitter.si\/wp-content\/uploads\/81bfd9a256e3a3670ce391cce9d77ee1.jpg\" alt=\"\" \/><\/figure>\n\n<figcaption class=\"blocks-gallery-caption wp-element-caption\">Foto: Getty<\/figcaption>\n<\/figure>\n\n\n\n<p style=\"text-align: justify;\">V zadnjih letih se vse ve\u010d govori tudi o njenem zasebnem \u017eivljenju. Razmerje s Travisom Kelcejem je pritegnilo ogromno pozornosti, ameri\u0161ki in britanski mediji pa \u017ee nekaj \u010dasa namigujejo, da bi se par lahko poro\u010dil leta 2026. \u010ceprav uradnih potrditev ni, zanimanje javnosti ka\u017ee, kako mo\u010dno Taylor \u0161e vedno vpliva na kolektivno domi\u0161ljijo. Tudi njena morebitna poroka bi bila brez dvoma kulturni in modni dogodek, ki bi narekoval trende.<\/p>\n\n\n\n<figure class=\"wp-block-gallery has-nested-images columns-default is-cropped wp-block-gallery-3 is-layout-flex wp-block-gallery-is-layout-flex\" style=\"text-align: justify;\">\n<figure class=\"wp-block-image size-large\"><img loading=\"lazy\" decoding=\"async\" width=\"801\" height=\"1200\" data-id=\"351403\" class=\"wp-image-351403\" src=\"https:\/\/www.glitter.si\/wp-content\/uploads\/aa3bd2283f656e7b4c48aabc23472f37.jpg\" alt=\"\" \/><\/figure>\n\n\n\n<figure class=\"wp-block-image size-large\"><img loading=\"lazy\" decoding=\"async\" width=\"1080\" height=\"1350\" data-id=\"351402\" class=\"wp-image-351402\" src=\"https:\/\/www.glitter.si\/wp-content\/uploads\/b1e14f98d95157fb4b5c6675873f3825.jpg\" alt=\"\" \/><\/figure>\n\n<figcaption class=\"blocks-gallery-caption wp-element-caption\">Foto: Getty<\/figcaption>\n<\/figure>\n\n\n\n<figure class=\"wp-block-image size-full is-resized\" style=\"text-align: justify;\"><img loading=\"lazy\" decoding=\"async\" width=\"736\" height=\"736\" class=\"wp-image-351401\" style=\"width: 825px; height: auto;\" src=\"https:\/\/www.glitter.si\/wp-content\/uploads\/256e71b2a2eda21b225002a11ef0a6d7.jpg\" alt=\"\" \/>\n<figcaption class=\"wp-element-caption\">Foto: Getty<\/figcaption>\n<\/figure>\n\n\n\n<p style=\"text-align: justify;\">Pri 36 letih Taylor Swift ni ve\u010d zgolj pop zvezdnica. Je avtorica, poslovna \u017eenska, modna ikona in simbol generacije \u017eensk, ki so zrasle ob njenih pesmih. Njena zgodba je zgodba o nenehni reinvenciji, pogumu in zvestobi sebi. In prav zato njen vpliv danes ni ni\u010d manj\u0161i kot na za\u010detku, morda je celo ve\u010dji.<\/p>\n\n\n\n<p style=\"text-align: justify;\">Taylor Swift ostaja dokaz, da sta stil in glasba najmo\u010dnej\u0161a takrat, ko govorita isto zgodbo.<\/p>\n","protected":false},"excerpt":{"rendered":"<p>Taylor Swift ostaja dokaz, da sta stil in glasba najmo\u010dnej\u0161a takrat, ko govorita isto zgodbo.<\/p>\n","protected":false},"author":4,"featured_media":351389,"comment_status":"open","ping_status":"closed","sticky":false,"template":"","format":"standard","meta":{"footnotes":""},"categories":[7],"tags":[1587,2873,4899,4908,9568,15762,16179,16786,18476],"class_list":{"0":"post-351333","1":"post","2":"type-post","3":"status-publish","4":"format-standard","5":"has-post-thumbnail","7":"category-glasba-in-film","8":"tag-blescice","9":"tag-country","10":"tag-glamur","11":"tag-glasba","12":"tag-moda","13":"tag-stil","14":"tag-taylor-swift","15":"tag-trendi","16":"tag-zenske"},"yoast_head":"<!-- This site is optimized with the Yoast SEO plugin v27.4 - https:\/\/yoast.com\/product\/yoast-seo-wordpress\/ -->\n<title>Taylor Swift praznuje 36 let: s stilom in glasbo je definirala celo generacijo - Glitter.si<\/title>\n<meta name=\"description\" content=\"Taylor Swift ostaja dokaz, da sta stil in glasba najmo\u010dnej\u0161a takrat, ko govorita isto zgodbo.\" \/>\n<meta name=\"robots\" content=\"index, follow, max-snippet:-1, max-image-preview:large, max-video-preview:-1\" \/>\n<link rel=\"canonical\" href=\"https:\/\/www.glitter.si\/taylor-swift-praznuje-36-let-s-stilom-in-glasbo-je-definirala-celo-generacijo\/\" \/>\n<meta property=\"og:locale\" content=\"sl_SI\" \/>\n<meta property=\"og:type\" content=\"article\" \/>\n<meta property=\"og:title\" content=\"Taylor Swift praznuje 36 let: s stilom in glasbo je definirala celo generacijo - Glitter.si\" \/>\n<meta property=\"og:description\" content=\"Taylor Swift ostaja dokaz, da sta stil in glasba najmo\u010dnej\u0161a takrat, ko govorita isto zgodbo.\" \/>\n<meta property=\"og:url\" content=\"https:\/\/www.glitter.si\/taylor-swift-praznuje-36-let-s-stilom-in-glasbo-je-definirala-celo-generacijo\/\" \/>\n<meta property=\"og:site_name\" content=\"Glitter.si\" \/>\n<meta property=\"article:published_time\" content=\"2025-12-15T11:43:54+00:00\" \/>\n<meta property=\"og:image\" content=\"https:\/\/www.glitter.si\/wp-content\/uploads\/2025\/12\/Screenshot-2025-12-13-at-19.55.41.jpg\" \/>\n\t<meta property=\"og:image:width\" content=\"1000\" \/>\n\t<meta property=\"og:image:height\" content=\"685\" \/>\n\t<meta property=\"og:image:type\" content=\"image\/jpeg\" \/>\n<meta name=\"author\" content=\"Lorella Flego\" \/>\n<meta name=\"twitter:card\" content=\"summary_large_image\" \/>\n<meta name=\"twitter:label1\" content=\"Written by\" \/>\n\t<meta name=\"twitter:data1\" content=\"Lorella Flego\" \/>\n\t<meta name=\"twitter:label2\" content=\"Est. reading time\" \/>\n\t<meta name=\"twitter:data2\" content=\"6 minut\" \/>\n<script type=\"application\/ld+json\" class=\"yoast-schema-graph\">{\"@context\":\"https:\\\/\\\/schema.org\",\"@graph\":[{\"@type\":\"Article\",\"@id\":\"https:\\\/\\\/www.glitter.si\\\/taylor-swift-praznuje-36-let-s-stilom-in-glasbo-je-definirala-celo-generacijo\\\/#article\",\"isPartOf\":{\"@id\":\"https:\\\/\\\/www.glitter.si\\\/taylor-swift-praznuje-36-let-s-stilom-in-glasbo-je-definirala-celo-generacijo\\\/\"},\"author\":{\"name\":\"Lorella Flego\",\"@id\":\"https:\\\/\\\/www.glitter.si\\\/#\\\/schema\\\/person\\\/9a4d78dad37a90f82a094abee49027ba\"},\"headline\":\"Taylor Swift praznuje 36 let: s stilom in glasbo je definirala celo generacijo\",\"datePublished\":\"2025-12-15T11:43:54+00:00\",\"mainEntityOfPage\":{\"@id\":\"https:\\\/\\\/www.glitter.si\\\/taylor-swift-praznuje-36-let-s-stilom-in-glasbo-je-definirala-celo-generacijo\\\/\"},\"wordCount\":578,\"commentCount\":0,\"image\":{\"@id\":\"https:\\\/\\\/www.glitter.si\\\/taylor-swift-praznuje-36-let-s-stilom-in-glasbo-je-definirala-celo-generacijo\\\/#primaryimage\"},\"thumbnailUrl\":\"https:\\\/\\\/www.glitter.si\\\/wp-content\\\/uploads\\\/2025\\\/12\\\/Screenshot-2025-12-13-at-19.55.41.jpg\",\"keywords\":[\"ble\u0161\u010dice\",\"country\",\"glamur\",\"glasba\",\"moda\",\"stil\",\"Taylor Swift\",\"trendi\",\"\u017eenske\"],\"articleSection\":[\"Glasba in film\"],\"inLanguage\":\"sl-SI\",\"potentialAction\":[{\"@type\":\"CommentAction\",\"name\":\"Comment\",\"target\":[\"https:\\\/\\\/www.glitter.si\\\/taylor-swift-praznuje-36-let-s-stilom-in-glasbo-je-definirala-celo-generacijo\\\/#respond\"]}]},{\"@type\":\"WebPage\",\"@id\":\"https:\\\/\\\/www.glitter.si\\\/taylor-swift-praznuje-36-let-s-stilom-in-glasbo-je-definirala-celo-generacijo\\\/\",\"url\":\"https:\\\/\\\/www.glitter.si\\\/taylor-swift-praznuje-36-let-s-stilom-in-glasbo-je-definirala-celo-generacijo\\\/\",\"name\":\"Taylor Swift praznuje 36 let: s stilom in glasbo je definirala celo generacijo - Glitter.si\",\"isPartOf\":{\"@id\":\"https:\\\/\\\/www.glitter.si\\\/#website\"},\"primaryImageOfPage\":{\"@id\":\"https:\\\/\\\/www.glitter.si\\\/taylor-swift-praznuje-36-let-s-stilom-in-glasbo-je-definirala-celo-generacijo\\\/#primaryimage\"},\"image\":{\"@id\":\"https:\\\/\\\/www.glitter.si\\\/taylor-swift-praznuje-36-let-s-stilom-in-glasbo-je-definirala-celo-generacijo\\\/#primaryimage\"},\"thumbnailUrl\":\"https:\\\/\\\/www.glitter.si\\\/wp-content\\\/uploads\\\/2025\\\/12\\\/Screenshot-2025-12-13-at-19.55.41.jpg\",\"datePublished\":\"2025-12-15T11:43:54+00:00\",\"author\":{\"@id\":\"https:\\\/\\\/www.glitter.si\\\/#\\\/schema\\\/person\\\/9a4d78dad37a90f82a094abee49027ba\"},\"description\":\"Taylor Swift ostaja dokaz, da sta stil in glasba najmo\u010dnej\u0161a takrat, ko govorita isto zgodbo.\",\"breadcrumb\":{\"@id\":\"https:\\\/\\\/www.glitter.si\\\/taylor-swift-praznuje-36-let-s-stilom-in-glasbo-je-definirala-celo-generacijo\\\/#breadcrumb\"},\"inLanguage\":\"sl-SI\",\"potentialAction\":[{\"@type\":\"ReadAction\",\"target\":[\"https:\\\/\\\/www.glitter.si\\\/taylor-swift-praznuje-36-let-s-stilom-in-glasbo-je-definirala-celo-generacijo\\\/\"]}]},{\"@type\":\"ImageObject\",\"inLanguage\":\"sl-SI\",\"@id\":\"https:\\\/\\\/www.glitter.si\\\/taylor-swift-praznuje-36-let-s-stilom-in-glasbo-je-definirala-celo-generacijo\\\/#primaryimage\",\"url\":\"https:\\\/\\\/www.glitter.si\\\/wp-content\\\/uploads\\\/2025\\\/12\\\/Screenshot-2025-12-13-at-19.55.41.jpg\",\"contentUrl\":\"https:\\\/\\\/www.glitter.si\\\/wp-content\\\/uploads\\\/2025\\\/12\\\/Screenshot-2025-12-13-at-19.55.41.jpg\",\"width\":1000,\"height\":685},{\"@type\":\"BreadcrumbList\",\"@id\":\"https:\\\/\\\/www.glitter.si\\\/taylor-swift-praznuje-36-let-s-stilom-in-glasbo-je-definirala-celo-generacijo\\\/#breadcrumb\",\"itemListElement\":[{\"@type\":\"ListItem\",\"position\":1,\"name\":\"Home\",\"item\":\"https:\\\/\\\/www.glitter.si\\\/\"},{\"@type\":\"ListItem\",\"position\":2,\"name\":\"Taylor Swift praznuje 36 let: s stilom in glasbo je definirala celo generacijo\"}]},{\"@type\":\"WebSite\",\"@id\":\"https:\\\/\\\/www.glitter.si\\\/#website\",\"url\":\"https:\\\/\\\/www.glitter.si\\\/\",\"name\":\"Glitter.si\",\"description\":\"spletna stran o vsem lepem\",\"potentialAction\":[{\"@type\":\"SearchAction\",\"target\":{\"@type\":\"EntryPoint\",\"urlTemplate\":\"https:\\\/\\\/www.glitter.si\\\/?s={search_term_string}\"},\"query-input\":{\"@type\":\"PropertyValueSpecification\",\"valueRequired\":true,\"valueName\":\"search_term_string\"}}],\"inLanguage\":\"sl-SI\"},{\"@type\":\"Person\",\"@id\":\"https:\\\/\\\/www.glitter.si\\\/#\\\/schema\\\/person\\\/9a4d78dad37a90f82a094abee49027ba\",\"name\":\"Lorella Flego\",\"image\":{\"@type\":\"ImageObject\",\"inLanguage\":\"sl-SI\",\"@id\":\"https:\\\/\\\/www.glitter.si\\\/wp-content\\\/uploads\\\/2026\\\/04\\\/Blog-lorella2-skort-airmesh2.jpg\",\"url\":\"https:\\\/\\\/www.glitter.si\\\/wp-content\\\/uploads\\\/2026\\\/04\\\/Blog-lorella2-skort-airmesh2.jpg\",\"contentUrl\":\"https:\\\/\\\/www.glitter.si\\\/wp-content\\\/uploads\\\/2026\\\/04\\\/Blog-lorella2-skort-airmesh2.jpg\",\"caption\":\"Lorella Flego\"},\"description\":\"Obo\u017eujem biti \u017eenska in tega ne bi zamenjala za ni\u010d na svetu. Moda mi je bila polo\u017eena v zibelko, v njeni dru\u017ebi pa mi ni nikoli dolg\u010das. Glitter.si je moj osebni pogled v svet, ki je v\u010dasih ro\u017enato obarvan, drugi\u010d di\u0161i po \u010dlove\u0161kih odnosih in psihologiji, tretji\u010d je lahkoten in prijeten, kot bi se nahajal na krilih ka\u010djega pastirja.\",\"url\":\"https:\\\/\\\/www.glitter.si\\\/author\\\/lorella\\\/\"}]}<\/script>\n<!-- \/ Yoast SEO plugin. -->","yoast_head_json":{"title":"Taylor Swift praznuje 36 let: s stilom in glasbo je definirala celo generacijo - Glitter.si","description":"Taylor Swift ostaja dokaz, da sta stil in glasba najmo\u010dnej\u0161a takrat, ko govorita isto zgodbo.","robots":{"index":"index","follow":"follow","max-snippet":"max-snippet:-1","max-image-preview":"max-image-preview:large","max-video-preview":"max-video-preview:-1"},"canonical":"https:\/\/www.glitter.si\/taylor-swift-praznuje-36-let-s-stilom-in-glasbo-je-definirala-celo-generacijo\/","og_locale":"sl_SI","og_type":"article","og_title":"Taylor Swift praznuje 36 let: s stilom in glasbo je definirala celo generacijo - Glitter.si","og_description":"Taylor Swift ostaja dokaz, da sta stil in glasba najmo\u010dnej\u0161a takrat, ko govorita isto zgodbo.","og_url":"https:\/\/www.glitter.si\/taylor-swift-praznuje-36-let-s-stilom-in-glasbo-je-definirala-celo-generacijo\/","og_site_name":"Glitter.si","article_published_time":"2025-12-15T11:43:54+00:00","og_image":[{"width":1000,"height":685,"url":"https:\/\/www.glitter.si\/wp-content\/uploads\/2025\/12\/Screenshot-2025-12-13-at-19.55.41.jpg","type":"image\/jpeg"}],"author":"Lorella Flego","twitter_card":"summary_large_image","twitter_misc":{"Written by":"Lorella Flego","Est. reading time":"6 minut"},"schema":{"@context":"https:\/\/schema.org","@graph":[{"@type":"Article","@id":"https:\/\/www.glitter.si\/taylor-swift-praznuje-36-let-s-stilom-in-glasbo-je-definirala-celo-generacijo\/#article","isPartOf":{"@id":"https:\/\/www.glitter.si\/taylor-swift-praznuje-36-let-s-stilom-in-glasbo-je-definirala-celo-generacijo\/"},"author":{"name":"Lorella Flego","@id":"https:\/\/www.glitter.si\/#\/schema\/person\/9a4d78dad37a90f82a094abee49027ba"},"headline":"Taylor Swift praznuje 36 let: s stilom in glasbo je definirala celo generacijo","datePublished":"2025-12-15T11:43:54+00:00","mainEntityOfPage":{"@id":"https:\/\/www.glitter.si\/taylor-swift-praznuje-36-let-s-stilom-in-glasbo-je-definirala-celo-generacijo\/"},"wordCount":578,"commentCount":0,"image":{"@id":"https:\/\/www.glitter.si\/taylor-swift-praznuje-36-let-s-stilom-in-glasbo-je-definirala-celo-generacijo\/#primaryimage"},"thumbnailUrl":"https:\/\/www.glitter.si\/wp-content\/uploads\/2025\/12\/Screenshot-2025-12-13-at-19.55.41.jpg","keywords":["ble\u0161\u010dice","country","glamur","glasba","moda","stil","Taylor Swift","trendi","\u017eenske"],"articleSection":["Glasba in film"],"inLanguage":"sl-SI","potentialAction":[{"@type":"CommentAction","name":"Comment","target":["https:\/\/www.glitter.si\/taylor-swift-praznuje-36-let-s-stilom-in-glasbo-je-definirala-celo-generacijo\/#respond"]}]},{"@type":"WebPage","@id":"https:\/\/www.glitter.si\/taylor-swift-praznuje-36-let-s-stilom-in-glasbo-je-definirala-celo-generacijo\/","url":"https:\/\/www.glitter.si\/taylor-swift-praznuje-36-let-s-stilom-in-glasbo-je-definirala-celo-generacijo\/","name":"Taylor Swift praznuje 36 let: s stilom in glasbo je definirala celo generacijo - Glitter.si","isPartOf":{"@id":"https:\/\/www.glitter.si\/#website"},"primaryImageOfPage":{"@id":"https:\/\/www.glitter.si\/taylor-swift-praznuje-36-let-s-stilom-in-glasbo-je-definirala-celo-generacijo\/#primaryimage"},"image":{"@id":"https:\/\/www.glitter.si\/taylor-swift-praznuje-36-let-s-stilom-in-glasbo-je-definirala-celo-generacijo\/#primaryimage"},"thumbnailUrl":"https:\/\/www.glitter.si\/wp-content\/uploads\/2025\/12\/Screenshot-2025-12-13-at-19.55.41.jpg","datePublished":"2025-12-15T11:43:54+00:00","author":{"@id":"https:\/\/www.glitter.si\/#\/schema\/person\/9a4d78dad37a90f82a094abee49027ba"},"description":"Taylor Swift ostaja dokaz, da sta stil in glasba najmo\u010dnej\u0161a takrat, ko govorita isto zgodbo.","breadcrumb":{"@id":"https:\/\/www.glitter.si\/taylor-swift-praznuje-36-let-s-stilom-in-glasbo-je-definirala-celo-generacijo\/#breadcrumb"},"inLanguage":"sl-SI","potentialAction":[{"@type":"ReadAction","target":["https:\/\/www.glitter.si\/taylor-swift-praznuje-36-let-s-stilom-in-glasbo-je-definirala-celo-generacijo\/"]}]},{"@type":"ImageObject","inLanguage":"sl-SI","@id":"https:\/\/www.glitter.si\/taylor-swift-praznuje-36-let-s-stilom-in-glasbo-je-definirala-celo-generacijo\/#primaryimage","url":"https:\/\/www.glitter.si\/wp-content\/uploads\/2025\/12\/Screenshot-2025-12-13-at-19.55.41.jpg","contentUrl":"https:\/\/www.glitter.si\/wp-content\/uploads\/2025\/12\/Screenshot-2025-12-13-at-19.55.41.jpg","width":1000,"height":685},{"@type":"BreadcrumbList","@id":"https:\/\/www.glitter.si\/taylor-swift-praznuje-36-let-s-stilom-in-glasbo-je-definirala-celo-generacijo\/#breadcrumb","itemListElement":[{"@type":"ListItem","position":1,"name":"Home","item":"https:\/\/www.glitter.si\/"},{"@type":"ListItem","position":2,"name":"Taylor Swift praznuje 36 let: s stilom in glasbo je definirala celo generacijo"}]},{"@type":"WebSite","@id":"https:\/\/www.glitter.si\/#website","url":"https:\/\/www.glitter.si\/","name":"Glitter.si","description":"spletna stran o vsem lepem","potentialAction":[{"@type":"SearchAction","target":{"@type":"EntryPoint","urlTemplate":"https:\/\/www.glitter.si\/?s={search_term_string}"},"query-input":{"@type":"PropertyValueSpecification","valueRequired":true,"valueName":"search_term_string"}}],"inLanguage":"sl-SI"},{"@type":"Person","@id":"https:\/\/www.glitter.si\/#\/schema\/person\/9a4d78dad37a90f82a094abee49027ba","name":"Lorella Flego","image":{"@type":"ImageObject","inLanguage":"sl-SI","@id":"https:\/\/www.glitter.si\/wp-content\/uploads\/2026\/04\/Blog-lorella2-skort-airmesh2.jpg","url":"https:\/\/www.glitter.si\/wp-content\/uploads\/2026\/04\/Blog-lorella2-skort-airmesh2.jpg","contentUrl":"https:\/\/www.glitter.si\/wp-content\/uploads\/2026\/04\/Blog-lorella2-skort-airmesh2.jpg","caption":"Lorella Flego"},"description":"Obo\u017eujem biti \u017eenska in tega ne bi zamenjala za ni\u010d na svetu. Moda mi je bila polo\u017eena v zibelko, v njeni dru\u017ebi pa mi ni nikoli dolg\u010das. Glitter.si je moj osebni pogled v svet, ki je v\u010dasih ro\u017enato obarvan, drugi\u010d di\u0161i po \u010dlove\u0161kih odnosih in psihologiji, tretji\u010d je lahkoten in prijeten, kot bi se nahajal na krilih ka\u010djega pastirja.","url":"https:\/\/www.glitter.si\/author\/lorella\/"}]}},"_links":{"self":[{"href":"https:\/\/www.glitter.si\/wp-json\/wp\/v2\/posts\/351333","targetHints":{"allow":["GET"]}}],"collection":[{"href":"https:\/\/www.glitter.si\/wp-json\/wp\/v2\/posts"}],"about":[{"href":"https:\/\/www.glitter.si\/wp-json\/wp\/v2\/types\/post"}],"author":[{"embeddable":true,"href":"https:\/\/www.glitter.si\/wp-json\/wp\/v2\/users\/4"}],"replies":[{"embeddable":true,"href":"https:\/\/www.glitter.si\/wp-json\/wp\/v2\/comments?post=351333"}],"version-history":[{"count":0,"href":"https:\/\/www.glitter.si\/wp-json\/wp\/v2\/posts\/351333\/revisions"}],"wp:featuredmedia":[{"embeddable":true,"href":"https:\/\/www.glitter.si\/wp-json\/wp\/v2\/media\/351389"}],"wp:attachment":[{"href":"https:\/\/www.glitter.si\/wp-json\/wp\/v2\/media?parent=351333"}],"wp:term":[{"taxonomy":"category","embeddable":true,"href":"https:\/\/www.glitter.si\/wp-json\/wp\/v2\/categories?post=351333"},{"taxonomy":"post_tag","embeddable":true,"href":"https:\/\/www.glitter.si\/wp-json\/wp\/v2\/tags?post=351333"}],"curies":[{"name":"wp","href":"https:\/\/api.w.org\/{rel}","templated":true}]}}