{"id":354455,"date":"2026-03-03T10:00:37","date_gmt":"2026-03-03T09:00:37","guid":{"rendered":"https:\/\/www.glitter.si\/?p=354455"},"modified":"2026-03-03T10:00:37","modified_gmt":"2026-03-03T09:00:37","slug":"marec-mesec-vmes-ko-se-vse-pocasi-prebuja","status":"publish","type":"post","link":"https:\/\/www.glitter.si\/marec-mesec-vmes-ko-se-vse-pocasi-prebuja\/","title":{"rendered":"Marec: mesec vmes, ko se vse po\u010dasi prebuja"},"content":{"rendered":"\n<p style=\"text-align: justify;\">Marec je poseben mesec. Nikoli ne pripada popolnoma nobenemu letnemu \u010dasu. Ni ve\u010d prava zima, a tudi pomlad \u0161e ni zares tukaj. Je prostor vmes \u2014 tih prehod, skoraj neopazen premik iz mirovanja v gibanje. Narava to\u010dno ve, kako narediti ta prehod, brez naglice in brez dramati\u010dnih sprememb. Eno jutro je \u0161e hladno in sivo, naslednje popoldne pa \u017ee di\u0161i po svetlobi, po zraku, ki obljublja nekaj novega. In prav tako se dogaja tudi v nas.<\/p>\n\n\n\n<figure class=\"wp-block-image size-full is-resized\" style=\"text-align: justify;\"><img fetchpriority=\"high\" decoding=\"async\" width=\"700\" height=\"1050\" class=\"wp-image-354471\" style=\"width: 838px; height: auto;\" src=\"https:\/\/www.glitter.si\/wp-content\/uploads\/2026\/03\/f5aedb8dbe72b3e1a494437a477e012b-3.jpg\" alt=\"\" srcset=\"https:\/\/www.glitter.si\/wp-content\/uploads\/2026\/03\/f5aedb8dbe72b3e1a494437a477e012b-3.jpg 700w, https:\/\/www.glitter.si\/wp-content\/uploads\/2026\/03\/f5aedb8dbe72b3e1a494437a477e012b-3-200x300.jpg 200w, https:\/\/www.glitter.si\/wp-content\/uploads\/2026\/03\/f5aedb8dbe72b3e1a494437a477e012b-3-683x1024.jpg 683w\" sizes=\"(max-width: 700px) 100vw, 700px\" \/>\n<figcaption class=\"wp-element-caption\">Foto: Pinterest<\/figcaption>\n<\/figure>\n\n\n\n<p style=\"text-align: justify;\">Po zimskih mesecih, ki so nas nehote povabili k umiritvi, razmisleku in ve\u010d \u010dasa zase, marec prinese rahlo nemirnost. Kot bi se v telesu nekaj premaknilo. Pojavi se \u017eelja po novem za\u010detku \u2014 ne nujno velikem, ampak dovolj mo\u010dnem, da ga za\u010dutimo. Hkrati pa smo lahko \u0161e vedno utrujeni, po\u010dasnej\u0161i, bolj ob\u010dutljivi kot obi\u010dajno. Ta me\u0161anica je popolnoma naravna.<\/p>\n\n\n\n<figure class=\"wp-block-image size-full is-resized\" style=\"text-align: justify;\"><img decoding=\"async\" width=\"576\" height=\"1024\" class=\"wp-image-354472\" style=\"aspect-ratio: 0.5624999830374139; width: 834px; height: auto;\" src=\"https:\/\/www.glitter.si\/wp-content\/uploads\/2026\/03\/48baf23c2e27546be97ed6233dfc3665.jpg\" alt=\"\" srcset=\"https:\/\/www.glitter.si\/wp-content\/uploads\/2026\/03\/48baf23c2e27546be97ed6233dfc3665.jpg 576w, https:\/\/www.glitter.si\/wp-content\/uploads\/2026\/03\/48baf23c2e27546be97ed6233dfc3665-169x300.jpg 169w\" sizes=\"(max-width: 576px) 100vw, 576px\" \/>\n<figcaption class=\"wp-element-caption\">Foto: Pinterest<\/figcaption>\n<\/figure>\n\n\n\n<p style=\"text-align: justify;\">Na\u0161e telo se prilagaja svetlobi. Dnevi postajajo dalj\u0161i, sonce mo\u010dnej\u0161e, in \u017eiv\u010dni sistem prejema signal, da se obdobje aktivnosti vra\u010da. Ve\u010d svetlobe pomeni ve\u010d energije, a tudi ve\u010d dra\u017eljajev. Zato marec pogosto ni mesec jasnosti, ampak mesec usklajevanja.<\/p>\n\n\n\n<blockquote class=\"wp-block-quote is-layout-flow wp-block-quote-is-layout-flow\">\n<p>Ni \u010das za hitenje. Je \u010das za poravnavo s sabo.<\/p>\n<\/blockquote>\n\n\n\n<p style=\"text-align: justify;\">Velika past marca je ob\u010dutek, da moramo zdaj nadoknaditi vse. Da moramo sprejeti vse prilo\u017enosti, za\u010deti vse projekte, re\u010di \u00bbda\u00ab vsaki ideji, ki se pojavi. Energija res raste, vendar to \u0161e ne pomeni, da je smer \u017ee jasna. V\u010dasih aktivacija samo pomeni, da se prebujamo \u2014 ne pa \u0161e, da moramo takoj delovati. Zato so v tem obdobju najmo\u010dnej\u0161e prav majhne stvari. Odpreti okna in spustiti sve\u017e zrak v dom. Pospraviti en koti\u010dek, eno polico, eno torbo, ki \u017ee dolgo \u010daka. Narediti prostor, tudi simboli\u010dno. Premakniti telo, a ne\u017eno \u2014 sprehod, raztezanje, po\u010dasno gibanje, ki nas vrne nazaj vase.<\/p>\n\n\n\n<blockquote class=\"wp-block-quote is-layout-flow wp-block-quote-is-layout-flow\">\n<p>In predvsem: izbrati eno namero za pomlad. Ne deset ciljev, ampak eno ob\u010dutje, eno smer, ki jo \u017eelimo \u017eiveti.<\/p>\n\n\n\n<figure class=\"wp-block-image size-full is-resized\"><img decoding=\"async\" width=\"564\" height=\"845\" class=\"wp-image-354473\" style=\"width: 799px; height: auto;\" src=\"https:\/\/www.glitter.si\/wp-content\/uploads\/2026\/03\/f91c5d934ea25cbba7a1fe2dbb1183f4.jpg\" alt=\"\" srcset=\"https:\/\/www.glitter.si\/wp-content\/uploads\/2026\/03\/f91c5d934ea25cbba7a1fe2dbb1183f4.jpg 564w, https:\/\/www.glitter.si\/wp-content\/uploads\/2026\/03\/f91c5d934ea25cbba7a1fe2dbb1183f4-200x300.jpg 200w\" sizes=\"(max-width: 564px) 100vw, 564px\" \/>\n<figcaption class=\"wp-element-caption\">Foto: Pinterest<\/figcaption>\n<\/figure>\n<\/blockquote>\n\n\n\n<p style=\"text-align: justify;\">Marec nas u\u010di potrpe\u017eljivosti. Spominja nas, da rast nikoli ni glasna na za\u010detku. Najprej se zgodi pod povr\u0161jem, neopazno, skoraj tiho. Tako kot prvi popki, ki jih opazimo \u0161ele, ko so \u017ee skoraj razcveteni. Ni treba, da je vse odlo\u010deno. Ni treba, da imamo vse odgovore. Dovolj je, da za\u010dutimo premik. Marec ni prihod. Marec je prebujanje. In v tem po\u010dasnem vra\u010danju svetlobe je nekaj izjemno ne\u017enega \u2014 ob\u010dutek, da se \u017eivljenje znova odpira, a tokrat bolj zavestno, bolj umirjeno in morda tudi bolj na\u0161e kot kadarkoli prej.<\/p>\n\n\n\n<p style=\"text-align: justify;\">\u00a0<\/p>\n","protected":false},"excerpt":{"rendered":"<p>Marec nas u\u010di potrpe\u017eljivosti. Spominja nas, da rast nikoli ni glasna na za\u010detku. Najprej se zgodi pod povr\u0161jem, neopazno, skoraj tiho. <\/p>\n","protected":false},"author":4,"featured_media":354474,"comment_status":"open","ping_status":"closed","sticky":false,"template":"","format":"standard","meta":{"footnotes":""},"categories":[24],"tags":[6042,8797,10447,15403,18476,18657],"class_list":{"0":"post-354455","1":"post","2":"type-post","3":"status-publish","4":"format-standard","5":"has-post-thumbnail","7":"category-spiritualnost","8":"tag-izpostavljeno","9":"tag-marec","10":"tag-nasveti","11":"tag-spiritualno","12":"tag-zenske","13":"tag-zivljenje"},"yoast_head":"<!-- This site is optimized with the Yoast SEO plugin v27.4 - https:\/\/yoast.com\/product\/yoast-seo-wordpress\/ -->\n<title>Marec: mesec vmes, ko se vse po\u010dasi prebuja - Glitter.si<\/title>\n<meta name=\"description\" content=\"Marec nas u\u010di potrpe\u017eljivosti. Spominja nas, da rast nikoli ni glasna na za\u010detku. Najprej se zgodi pod povr\u0161jem, neopazno, skoraj tiho.\" \/>\n<meta name=\"robots\" content=\"index, follow, max-snippet:-1, max-image-preview:large, max-video-preview:-1\" \/>\n<link rel=\"canonical\" href=\"https:\/\/www.glitter.si\/marec-mesec-vmes-ko-se-vse-pocasi-prebuja\/\" \/>\n<meta property=\"og:locale\" content=\"sl_SI\" \/>\n<meta property=\"og:type\" content=\"article\" \/>\n<meta property=\"og:title\" content=\"Marec: mesec vmes, ko se vse po\u010dasi prebuja - Glitter.si\" \/>\n<meta property=\"og:description\" content=\"Marec nas u\u010di potrpe\u017eljivosti. Spominja nas, da rast nikoli ni glasna na za\u010detku. Najprej se zgodi pod povr\u0161jem, neopazno, skoraj tiho.\" \/>\n<meta property=\"og:url\" content=\"https:\/\/www.glitter.si\/marec-mesec-vmes-ko-se-vse-pocasi-prebuja\/\" \/>\n<meta property=\"og:site_name\" content=\"Glitter.si\" \/>\n<meta property=\"article:published_time\" content=\"2026-03-03T09:00:37+00:00\" \/>\n<meta property=\"og:image\" content=\"https:\/\/www.glitter.si\/wp-content\/uploads\/2026\/03\/ce4bb47551e13ff74153a07ac7bec303.jpg\" \/>\n\t<meta property=\"og:image:width\" content=\"1300\" \/>\n\t<meta property=\"og:image:height\" content=\"883\" \/>\n\t<meta property=\"og:image:type\" content=\"image\/jpeg\" \/>\n<meta name=\"author\" content=\"Lorella Flego\" \/>\n<meta name=\"twitter:card\" content=\"summary_large_image\" \/>\n<meta name=\"twitter:label1\" content=\"Written by\" \/>\n\t<meta name=\"twitter:data1\" content=\"Lorella Flego\" \/>\n\t<meta name=\"twitter:label2\" content=\"Est. reading time\" \/>\n\t<meta name=\"twitter:data2\" content=\"3 minute\" \/>\n<script type=\"application\/ld+json\" class=\"yoast-schema-graph\">{\"@context\":\"https:\\\/\\\/schema.org\",\"@graph\":[{\"@type\":\"Article\",\"@id\":\"https:\\\/\\\/www.glitter.si\\\/marec-mesec-vmes-ko-se-vse-pocasi-prebuja\\\/#article\",\"isPartOf\":{\"@id\":\"https:\\\/\\\/www.glitter.si\\\/marec-mesec-vmes-ko-se-vse-pocasi-prebuja\\\/\"},\"author\":{\"name\":\"Lorella Flego\",\"@id\":\"https:\\\/\\\/www.glitter.si\\\/#\\\/schema\\\/person\\\/9a4d78dad37a90f82a094abee49027ba\"},\"headline\":\"Marec: mesec vmes, ko se vse po\u010dasi prebuja\",\"datePublished\":\"2026-03-03T09:00:37+00:00\",\"mainEntityOfPage\":{\"@id\":\"https:\\\/\\\/www.glitter.si\\\/marec-mesec-vmes-ko-se-vse-pocasi-prebuja\\\/\"},\"wordCount\":440,\"commentCount\":0,\"image\":{\"@id\":\"https:\\\/\\\/www.glitter.si\\\/marec-mesec-vmes-ko-se-vse-pocasi-prebuja\\\/#primaryimage\"},\"thumbnailUrl\":\"https:\\\/\\\/www.glitter.si\\\/wp-content\\\/uploads\\\/2026\\\/03\\\/ce4bb47551e13ff74153a07ac7bec303.jpg\",\"keywords\":[\"izpostavljeno\",\"marec\",\"nasveti\",\"spiritualno\",\"\u017eenske\",\"\u017eivljenje\"],\"articleSection\":[\"Spiritualnost\"],\"inLanguage\":\"sl-SI\",\"potentialAction\":[{\"@type\":\"CommentAction\",\"name\":\"Comment\",\"target\":[\"https:\\\/\\\/www.glitter.si\\\/marec-mesec-vmes-ko-se-vse-pocasi-prebuja\\\/#respond\"]}]},{\"@type\":\"WebPage\",\"@id\":\"https:\\\/\\\/www.glitter.si\\\/marec-mesec-vmes-ko-se-vse-pocasi-prebuja\\\/\",\"url\":\"https:\\\/\\\/www.glitter.si\\\/marec-mesec-vmes-ko-se-vse-pocasi-prebuja\\\/\",\"name\":\"Marec: mesec vmes, ko se vse po\u010dasi prebuja - Glitter.si\",\"isPartOf\":{\"@id\":\"https:\\\/\\\/www.glitter.si\\\/#website\"},\"primaryImageOfPage\":{\"@id\":\"https:\\\/\\\/www.glitter.si\\\/marec-mesec-vmes-ko-se-vse-pocasi-prebuja\\\/#primaryimage\"},\"image\":{\"@id\":\"https:\\\/\\\/www.glitter.si\\\/marec-mesec-vmes-ko-se-vse-pocasi-prebuja\\\/#primaryimage\"},\"thumbnailUrl\":\"https:\\\/\\\/www.glitter.si\\\/wp-content\\\/uploads\\\/2026\\\/03\\\/ce4bb47551e13ff74153a07ac7bec303.jpg\",\"datePublished\":\"2026-03-03T09:00:37+00:00\",\"author\":{\"@id\":\"https:\\\/\\\/www.glitter.si\\\/#\\\/schema\\\/person\\\/9a4d78dad37a90f82a094abee49027ba\"},\"description\":\"Marec nas u\u010di potrpe\u017eljivosti. Spominja nas, da rast nikoli ni glasna na za\u010detku. Najprej se zgodi pod povr\u0161jem, neopazno, skoraj tiho.\",\"breadcrumb\":{\"@id\":\"https:\\\/\\\/www.glitter.si\\\/marec-mesec-vmes-ko-se-vse-pocasi-prebuja\\\/#breadcrumb\"},\"inLanguage\":\"sl-SI\",\"potentialAction\":[{\"@type\":\"ReadAction\",\"target\":[\"https:\\\/\\\/www.glitter.si\\\/marec-mesec-vmes-ko-se-vse-pocasi-prebuja\\\/\"]}]},{\"@type\":\"ImageObject\",\"inLanguage\":\"sl-SI\",\"@id\":\"https:\\\/\\\/www.glitter.si\\\/marec-mesec-vmes-ko-se-vse-pocasi-prebuja\\\/#primaryimage\",\"url\":\"https:\\\/\\\/www.glitter.si\\\/wp-content\\\/uploads\\\/2026\\\/03\\\/ce4bb47551e13ff74153a07ac7bec303.jpg\",\"contentUrl\":\"https:\\\/\\\/www.glitter.si\\\/wp-content\\\/uploads\\\/2026\\\/03\\\/ce4bb47551e13ff74153a07ac7bec303.jpg\",\"width\":1300,\"height\":883},{\"@type\":\"BreadcrumbList\",\"@id\":\"https:\\\/\\\/www.glitter.si\\\/marec-mesec-vmes-ko-se-vse-pocasi-prebuja\\\/#breadcrumb\",\"itemListElement\":[{\"@type\":\"ListItem\",\"position\":1,\"name\":\"Home\",\"item\":\"https:\\\/\\\/www.glitter.si\\\/\"},{\"@type\":\"ListItem\",\"position\":2,\"name\":\"Marec: mesec vmes, ko se vse po\u010dasi prebuja\"}]},{\"@type\":\"WebSite\",\"@id\":\"https:\\\/\\\/www.glitter.si\\\/#website\",\"url\":\"https:\\\/\\\/www.glitter.si\\\/\",\"name\":\"Glitter.si\",\"description\":\"spletna stran o vsem lepem\",\"potentialAction\":[{\"@type\":\"SearchAction\",\"target\":{\"@type\":\"EntryPoint\",\"urlTemplate\":\"https:\\\/\\\/www.glitter.si\\\/?s={search_term_string}\"},\"query-input\":{\"@type\":\"PropertyValueSpecification\",\"valueRequired\":true,\"valueName\":\"search_term_string\"}}],\"inLanguage\":\"sl-SI\"},{\"@type\":\"Person\",\"@id\":\"https:\\\/\\\/www.glitter.si\\\/#\\\/schema\\\/person\\\/9a4d78dad37a90f82a094abee49027ba\",\"name\":\"Lorella Flego\",\"image\":{\"@type\":\"ImageObject\",\"inLanguage\":\"sl-SI\",\"@id\":\"https:\\\/\\\/www.glitter.si\\\/wp-content\\\/uploads\\\/2026\\\/04\\\/Blog-lorella2-skort-airmesh2.jpg\",\"url\":\"https:\\\/\\\/www.glitter.si\\\/wp-content\\\/uploads\\\/2026\\\/04\\\/Blog-lorella2-skort-airmesh2.jpg\",\"contentUrl\":\"https:\\\/\\\/www.glitter.si\\\/wp-content\\\/uploads\\\/2026\\\/04\\\/Blog-lorella2-skort-airmesh2.jpg\",\"caption\":\"Lorella Flego\"},\"description\":\"Obo\u017eujem biti \u017eenska in tega ne bi zamenjala za ni\u010d na svetu. Moda mi je bila polo\u017eena v zibelko, v njeni dru\u017ebi pa mi ni nikoli dolg\u010das. Glitter.si je moj osebni pogled v svet, ki je v\u010dasih ro\u017enato obarvan, drugi\u010d di\u0161i po \u010dlove\u0161kih odnosih in psihologiji, tretji\u010d je lahkoten in prijeten, kot bi se nahajal na krilih ka\u010djega pastirja.\",\"url\":\"https:\\\/\\\/www.glitter.si\\\/author\\\/lorella\\\/\"}]}<\/script>\n<!-- \/ Yoast SEO plugin. -->","yoast_head_json":{"title":"Marec: mesec vmes, ko se vse po\u010dasi prebuja - Glitter.si","description":"Marec nas u\u010di potrpe\u017eljivosti. Spominja nas, da rast nikoli ni glasna na za\u010detku. Najprej se zgodi pod povr\u0161jem, neopazno, skoraj tiho.","robots":{"index":"index","follow":"follow","max-snippet":"max-snippet:-1","max-image-preview":"max-image-preview:large","max-video-preview":"max-video-preview:-1"},"canonical":"https:\/\/www.glitter.si\/marec-mesec-vmes-ko-se-vse-pocasi-prebuja\/","og_locale":"sl_SI","og_type":"article","og_title":"Marec: mesec vmes, ko se vse po\u010dasi prebuja - Glitter.si","og_description":"Marec nas u\u010di potrpe\u017eljivosti. Spominja nas, da rast nikoli ni glasna na za\u010detku. Najprej se zgodi pod povr\u0161jem, neopazno, skoraj tiho.","og_url":"https:\/\/www.glitter.si\/marec-mesec-vmes-ko-se-vse-pocasi-prebuja\/","og_site_name":"Glitter.si","article_published_time":"2026-03-03T09:00:37+00:00","og_image":[{"width":1300,"height":883,"url":"https:\/\/www.glitter.si\/wp-content\/uploads\/2026\/03\/ce4bb47551e13ff74153a07ac7bec303.jpg","type":"image\/jpeg"}],"author":"Lorella Flego","twitter_card":"summary_large_image","twitter_misc":{"Written by":"Lorella Flego","Est. reading time":"3 minute"},"schema":{"@context":"https:\/\/schema.org","@graph":[{"@type":"Article","@id":"https:\/\/www.glitter.si\/marec-mesec-vmes-ko-se-vse-pocasi-prebuja\/#article","isPartOf":{"@id":"https:\/\/www.glitter.si\/marec-mesec-vmes-ko-se-vse-pocasi-prebuja\/"},"author":{"name":"Lorella Flego","@id":"https:\/\/www.glitter.si\/#\/schema\/person\/9a4d78dad37a90f82a094abee49027ba"},"headline":"Marec: mesec vmes, ko se vse po\u010dasi prebuja","datePublished":"2026-03-03T09:00:37+00:00","mainEntityOfPage":{"@id":"https:\/\/www.glitter.si\/marec-mesec-vmes-ko-se-vse-pocasi-prebuja\/"},"wordCount":440,"commentCount":0,"image":{"@id":"https:\/\/www.glitter.si\/marec-mesec-vmes-ko-se-vse-pocasi-prebuja\/#primaryimage"},"thumbnailUrl":"https:\/\/www.glitter.si\/wp-content\/uploads\/2026\/03\/ce4bb47551e13ff74153a07ac7bec303.jpg","keywords":["izpostavljeno","marec","nasveti","spiritualno","\u017eenske","\u017eivljenje"],"articleSection":["Spiritualnost"],"inLanguage":"sl-SI","potentialAction":[{"@type":"CommentAction","name":"Comment","target":["https:\/\/www.glitter.si\/marec-mesec-vmes-ko-se-vse-pocasi-prebuja\/#respond"]}]},{"@type":"WebPage","@id":"https:\/\/www.glitter.si\/marec-mesec-vmes-ko-se-vse-pocasi-prebuja\/","url":"https:\/\/www.glitter.si\/marec-mesec-vmes-ko-se-vse-pocasi-prebuja\/","name":"Marec: mesec vmes, ko se vse po\u010dasi prebuja - Glitter.si","isPartOf":{"@id":"https:\/\/www.glitter.si\/#website"},"primaryImageOfPage":{"@id":"https:\/\/www.glitter.si\/marec-mesec-vmes-ko-se-vse-pocasi-prebuja\/#primaryimage"},"image":{"@id":"https:\/\/www.glitter.si\/marec-mesec-vmes-ko-se-vse-pocasi-prebuja\/#primaryimage"},"thumbnailUrl":"https:\/\/www.glitter.si\/wp-content\/uploads\/2026\/03\/ce4bb47551e13ff74153a07ac7bec303.jpg","datePublished":"2026-03-03T09:00:37+00:00","author":{"@id":"https:\/\/www.glitter.si\/#\/schema\/person\/9a4d78dad37a90f82a094abee49027ba"},"description":"Marec nas u\u010di potrpe\u017eljivosti. Spominja nas, da rast nikoli ni glasna na za\u010detku. Najprej se zgodi pod povr\u0161jem, neopazno, skoraj tiho.","breadcrumb":{"@id":"https:\/\/www.glitter.si\/marec-mesec-vmes-ko-se-vse-pocasi-prebuja\/#breadcrumb"},"inLanguage":"sl-SI","potentialAction":[{"@type":"ReadAction","target":["https:\/\/www.glitter.si\/marec-mesec-vmes-ko-se-vse-pocasi-prebuja\/"]}]},{"@type":"ImageObject","inLanguage":"sl-SI","@id":"https:\/\/www.glitter.si\/marec-mesec-vmes-ko-se-vse-pocasi-prebuja\/#primaryimage","url":"https:\/\/www.glitter.si\/wp-content\/uploads\/2026\/03\/ce4bb47551e13ff74153a07ac7bec303.jpg","contentUrl":"https:\/\/www.glitter.si\/wp-content\/uploads\/2026\/03\/ce4bb47551e13ff74153a07ac7bec303.jpg","width":1300,"height":883},{"@type":"BreadcrumbList","@id":"https:\/\/www.glitter.si\/marec-mesec-vmes-ko-se-vse-pocasi-prebuja\/#breadcrumb","itemListElement":[{"@type":"ListItem","position":1,"name":"Home","item":"https:\/\/www.glitter.si\/"},{"@type":"ListItem","position":2,"name":"Marec: mesec vmes, ko se vse po\u010dasi prebuja"}]},{"@type":"WebSite","@id":"https:\/\/www.glitter.si\/#website","url":"https:\/\/www.glitter.si\/","name":"Glitter.si","description":"spletna stran o vsem lepem","potentialAction":[{"@type":"SearchAction","target":{"@type":"EntryPoint","urlTemplate":"https:\/\/www.glitter.si\/?s={search_term_string}"},"query-input":{"@type":"PropertyValueSpecification","valueRequired":true,"valueName":"search_term_string"}}],"inLanguage":"sl-SI"},{"@type":"Person","@id":"https:\/\/www.glitter.si\/#\/schema\/person\/9a4d78dad37a90f82a094abee49027ba","name":"Lorella Flego","image":{"@type":"ImageObject","inLanguage":"sl-SI","@id":"https:\/\/www.glitter.si\/wp-content\/uploads\/2026\/04\/Blog-lorella2-skort-airmesh2.jpg","url":"https:\/\/www.glitter.si\/wp-content\/uploads\/2026\/04\/Blog-lorella2-skort-airmesh2.jpg","contentUrl":"https:\/\/www.glitter.si\/wp-content\/uploads\/2026\/04\/Blog-lorella2-skort-airmesh2.jpg","caption":"Lorella Flego"},"description":"Obo\u017eujem biti \u017eenska in tega ne bi zamenjala za ni\u010d na svetu. Moda mi je bila polo\u017eena v zibelko, v njeni dru\u017ebi pa mi ni nikoli dolg\u010das. Glitter.si je moj osebni pogled v svet, ki je v\u010dasih ro\u017enato obarvan, drugi\u010d di\u0161i po \u010dlove\u0161kih odnosih in psihologiji, tretji\u010d je lahkoten in prijeten, kot bi se nahajal na krilih ka\u010djega pastirja.","url":"https:\/\/www.glitter.si\/author\/lorella\/"}]}},"_links":{"self":[{"href":"https:\/\/www.glitter.si\/wp-json\/wp\/v2\/posts\/354455","targetHints":{"allow":["GET"]}}],"collection":[{"href":"https:\/\/www.glitter.si\/wp-json\/wp\/v2\/posts"}],"about":[{"href":"https:\/\/www.glitter.si\/wp-json\/wp\/v2\/types\/post"}],"author":[{"embeddable":true,"href":"https:\/\/www.glitter.si\/wp-json\/wp\/v2\/users\/4"}],"replies":[{"embeddable":true,"href":"https:\/\/www.glitter.si\/wp-json\/wp\/v2\/comments?post=354455"}],"version-history":[{"count":0,"href":"https:\/\/www.glitter.si\/wp-json\/wp\/v2\/posts\/354455\/revisions"}],"wp:featuredmedia":[{"embeddable":true,"href":"https:\/\/www.glitter.si\/wp-json\/wp\/v2\/media\/354474"}],"wp:attachment":[{"href":"https:\/\/www.glitter.si\/wp-json\/wp\/v2\/media?parent=354455"}],"wp:term":[{"taxonomy":"category","embeddable":true,"href":"https:\/\/www.glitter.si\/wp-json\/wp\/v2\/categories?post=354455"},{"taxonomy":"post_tag","embeddable":true,"href":"https:\/\/www.glitter.si\/wp-json\/wp\/v2\/tags?post=354455"}],"curies":[{"name":"wp","href":"https:\/\/api.w.org\/{rel}","templated":true}]}}