{"id":354693,"date":"2026-03-10T13:06:20","date_gmt":"2026-03-10T12:06:20","guid":{"rendered":"https:\/\/www.glitter.si\/?p=354693"},"modified":"2026-03-10T13:06:20","modified_gmt":"2026-03-10T12:06:20","slug":"cutnost-spomladanskih-mesecev-naj-nas-objame-cvetlicni-potisk","status":"publish","type":"post","link":"https:\/\/www.glitter.si\/cutnost-spomladanskih-mesecev-naj-nas-objame-cvetlicni-potisk\/","title":{"rendered":"\u010cutnost spomladanskih mesecev: Naj nas objame cvetli\u010dni potisk"},"content":{"rendered":"\n<p style=\"text-align: justify;\">\u0160e \u010disto malo nas lo\u010di od uradnega vstopa v novo, toplej\u0161o sezono, pa vendar smo mi le-tej predani \u017ee danes. V zraku je \u010dutiti opojnost spomladanskega prebujanja, ko narava odgrne vso sivino vsakdana in odprtih rok pozdravi vse, kar di\u0161i po cvetju in soncu. Modne smernice seveda zato vsako leto mo\u010dno zaznamujejo prav ti prehodni meseci, v kolekcijah pa se znajde vse, kar nudi svetlobo in zra\u010dnost. <em>Must have<\/em> tudi letos ostaja cvetli\u010dni potisk, ki ga bomo na\u0161le prav povsod. Znova bo na\u0161e vsakdanje stajling zgodbe za\u010daral v tiste najbolj romanti\u010dne, kjer se bohoti \u010dutna prefinjenost.<\/p>\n\n\n\n<figure class=\"wp-block-gallery has-nested-images columns-default is-cropped wp-block-gallery-1 is-layout-flex wp-block-gallery-is-layout-flex\" style=\"text-align: justify;\">\n<figure class=\"wp-block-image size-full\"><img fetchpriority=\"high\" decoding=\"async\" width=\"736\" height=\"973\" data-id=\"354896\" class=\"wp-image-354896\" src=\"https:\/\/www.glitter.si\/wp-content\/uploads\/cvet-6-e1772898321973.jpg\" alt=\"\" \/><\/figure>\n\n\n\n<figure class=\"wp-block-image size-full\"><img decoding=\"async\" width=\"736\" height=\"988\" data-id=\"354897\" class=\"wp-image-354897\" src=\"https:\/\/www.glitter.si\/wp-content\/uploads\/cvet-3-e1772898307191.jpg\" alt=\"\" \/><\/figure>\n\n<figcaption class=\"blocks-gallery-caption wp-element-caption\">Giambattista Valli pomlad 2026<\/figcaption>\n<\/figure>\n\n\n\n<h4 class=\"wp-block-heading\" style=\"text-align: justify;\"><strong><em>Svetlo ali temno, navdihuje oboje<\/em><\/strong><\/h4>\n\n\n\n<p style=\"text-align: justify;\">Ro\u017ee in ro\u017eice v leto\u0161nji spomladanski podobi ostajajo pisane, a poleg njih se elegantno izmenjujeta temna in svetla podlaga. Ve\u010dkrat so se potiski, vezenine in vse ostale podobe cvetja zna\u0161li na \u010drni ali \u0161e veliko raje beli oziroma be\u017e podlagi, \u0161e najve\u010dkrat pa v dru\u017ebi intenzivnih tonov. Gre za prelepe kontraste, ki mo\u010dno odra\u017eajo sve\u017eino tople sezone. Piko na i dodajo \u0161e materiali, predvsem tisti z ne\u017enim leskom, kot je naprimer saten, ter tisti lahkotni, v\u010dasih kar polprosojni, kot je lan.<\/p>\n\n\n\n<figure class=\"wp-block-gallery has-nested-images columns-default is-cropped wp-block-gallery-2 is-layout-flex wp-block-gallery-is-layout-flex\" style=\"text-align: justify;\">\n<figure class=\"wp-block-image size-large\"><img decoding=\"async\" width=\"735\" height=\"980\" data-id=\"354899\" class=\"wp-image-354899\" src=\"https:\/\/www.glitter.si\/wp-content\/uploads\/cvet-7.jpg\" alt=\"\" \/><\/figure>\n\n\n\n<figure class=\"wp-block-image size-large\"><img loading=\"lazy\" decoding=\"async\" width=\"736\" height=\"1472\" data-id=\"354898\" class=\"wp-image-354898\" src=\"https:\/\/www.glitter.si\/wp-content\/uploads\/cvet-8.jpg\" alt=\"\" \/><\/figure>\n\n<figcaption class=\"blocks-gallery-caption wp-element-caption\">Carolina Herrera pomlad 2026<\/figcaption>\n<\/figure>\n\n\n\n<figure class=\"wp-block-gallery has-nested-images columns-default is-cropped wp-block-gallery-3 is-layout-flex wp-block-gallery-is-layout-flex\" style=\"text-align: justify;\">\n<figure class=\"wp-block-image size-large\"><img loading=\"lazy\" decoding=\"async\" width=\"735\" height=\"1103\" data-id=\"354900\" class=\"wp-image-354900\" src=\"https:\/\/www.glitter.si\/wp-content\/uploads\/cvet-1.jpg\" alt=\"\" \/><\/figure>\n\n\n\n<figure class=\"wp-block-image size-large\"><img loading=\"lazy\" decoding=\"async\" width=\"735\" height=\"1103\" data-id=\"354901\" class=\"wp-image-354901\" src=\"https:\/\/www.glitter.si\/wp-content\/uploads\/cvet-2.jpg\" alt=\"\" \/><\/figure>\n\n<figcaption class=\"blocks-gallery-caption wp-element-caption\">Rabanne pomlad 2026<\/figcaption>\n<\/figure>\n\n\n\n<h4 class=\"wp-block-heading\" style=\"text-align: justify;\"><strong><em>Cvetli\u010dne podobe tokrat najlep\u0161e v dru\u017ebi teh kosov<\/em><\/strong><\/h4>\n\n\n\n<p style=\"text-align: justify;\">Trendi so letos trdno povezali cvetli\u010dne potiske in vezenine z dvo- ali celo trodelnimi kompleti. Slednje \u0161e najraje sestavljajo kratek top in \u0161iroke hla\u010de, ve\u010dkrat v kombinacijo vstopi tudi blazer. Super so crop topi z midi krilom, modne so tudi retro jakne, pri katerih predvsem poudarjena ramena in napihnjeni rokavi odsevajo zgodbe preteklih osemdesetih.<\/p>\n\n\n\n<figure class=\"wp-block-gallery has-nested-images columns-default is-cropped wp-block-gallery-4 is-layout-flex wp-block-gallery-is-layout-flex\" style=\"text-align: justify;\">\n<figure class=\"wp-block-image size-large\"><img loading=\"lazy\" decoding=\"async\" width=\"424\" height=\"1203\" data-id=\"354903\" class=\"wp-image-354903\" src=\"https:\/\/www.glitter.si\/wp-content\/uploads\/cvet-9-e1772898454155.jpg\" alt=\"\" \/><\/figure>\n\n\n\n<figure class=\"wp-block-image size-large\"><img loading=\"lazy\" decoding=\"async\" width=\"736\" height=\"1104\" data-id=\"354902\" class=\"wp-image-354902\" src=\"https:\/\/www.glitter.si\/wp-content\/uploads\/cvet-10.jpg\" alt=\"\" \/><\/figure>\n\n<figcaption class=\"blocks-gallery-caption wp-element-caption\">Dolce &amp; Gabbana pomlad 2026<\/figcaption>\n<\/figure>\n\n\n\n<figure class=\"wp-block-gallery has-nested-images columns-default is-cropped wp-block-gallery-5 is-layout-flex wp-block-gallery-is-layout-flex\" style=\"text-align: justify;\">\n<figure class=\"wp-block-image size-large\"><img loading=\"lazy\" decoding=\"async\" width=\"736\" height=\"1104\" data-id=\"354904\" class=\"wp-image-354904\" src=\"https:\/\/www.glitter.si\/wp-content\/uploads\/cvet-4.jpg\" alt=\"\" \/><\/figure>\n\n\n\n<figure class=\"wp-block-image size-large\"><img loading=\"lazy\" decoding=\"async\" width=\"736\" height=\"1104\" data-id=\"354905\" class=\"wp-image-354905\" src=\"https:\/\/www.glitter.si\/wp-content\/uploads\/cvet-5.jpg\" alt=\"\" \/><\/figure>\n\n<figcaption class=\"blocks-gallery-caption wp-element-caption\">Louis Vuitton pomlad 2026<\/figcaption>\n<\/figure>\n\n\n\n<h4 class=\"wp-block-heading\" style=\"text-align: justify;\"><strong><em>Drznimo si izstopati<\/em><\/strong><\/h4>\n\n\n\n<p style=\"text-align: justify;\">Tako zaradi zgoraj omenjenih kosov, kot samega potiska. Pomlad je obdobje razko\u0161nih podob, sploh ko jim dodamo potiske, vezenine in celo 3D podobe ro\u017e. Med cvetjem ostaja popularno vse tisto v modrih, roza, rde\u010dih in vijoli\u010dnih izvedbah, hkrati ne izpustimo veliko zelenja. Gre za izredno \u017eenstveno garderobo, v katerih vedno znova delujemo prikupno.<\/p>\n","protected":false},"excerpt":{"rendered":"<p>Must have tudi letos ostaja cvetli\u010dni potisk, ki ga bomo na\u0161le prav povsod. Znova bo na\u0161e vsakdanje stajling zgodbe za\u010daral v tiste najbolj romanti\u010dne, kjer se bohoti \u010dutna prefinjenost.<\/p>\n","protected":false},"author":5,"featured_media":354895,"comment_status":"open","ping_status":"closed","sticky":false,"template":"","format":"standard","meta":{"footnotes":""},"categories":[12,25,26],"tags":[3075,3091,9568,9702,12736,14273,15452,15762,16636,16786],"class_list":{"0":"post-354693","1":"post","2":"type-post","3":"status-publish","4":"format-standard","5":"has-post-thumbnail","7":"category-moda","8":"category-style","9":"category-trendi","10":"tag-cvetje","11":"tag-cvetlicni-potisk","12":"tag-moda","13":"tag-modne-smernice","14":"tag-pomlad-2026","15":"tag-roze","16":"tag-spomladanska-sezona","17":"tag-stil","18":"tag-topla-sezona","19":"tag-trendi"},"yoast_head":"<!-- This site is optimized with the Yoast SEO plugin v27.4 - https:\/\/yoast.com\/product\/yoast-seo-wordpress\/ -->\n<title>\u010cutnost spomladanskih mesecev: Naj nas objame cvetli\u010dni potisk - Glitter.si<\/title>\n<meta name=\"description\" content=\"Cvetli\u010dni potisk bo na\u0161e vsakdanje stajling zgodbe znova za\u010daral v tiste najbolj romanti\u010dne, kjer se bohoti \u010dutna prefinjenost.\" \/>\n<meta name=\"robots\" content=\"index, follow, max-snippet:-1, max-image-preview:large, max-video-preview:-1\" \/>\n<link rel=\"canonical\" href=\"https:\/\/www.glitter.si\/cutnost-spomladanskih-mesecev-naj-nas-objame-cvetlicni-potisk\/\" \/>\n<meta property=\"og:locale\" content=\"sl_SI\" \/>\n<meta property=\"og:type\" content=\"article\" \/>\n<meta property=\"og:title\" content=\"\u010cutnost spomladanskih mesecev: Naj nas objame cvetli\u010dni potisk - Glitter.si\" \/>\n<meta property=\"og:description\" content=\"Cvetli\u010dni potisk bo na\u0161e vsakdanje stajling zgodbe znova za\u010daral v tiste najbolj romanti\u010dne, kjer se bohoti \u010dutna prefinjenost.\" \/>\n<meta property=\"og:url\" content=\"https:\/\/www.glitter.si\/cutnost-spomladanskih-mesecev-naj-nas-objame-cvetlicni-potisk\/\" \/>\n<meta property=\"og:site_name\" content=\"Glitter.si\" \/>\n<meta property=\"article:published_time\" content=\"2026-03-10T12:06:20+00:00\" \/>\n<meta property=\"og:image\" content=\"https:\/\/www.glitter.si\/wp-content\/uploads\/2026\/03\/Chloe-Spring-Summer-2026-nasl.jpg\" \/>\n\t<meta property=\"og:image:width\" content=\"800\" \/>\n\t<meta property=\"og:image:height\" content=\"533\" \/>\n\t<meta property=\"og:image:type\" content=\"image\/jpeg\" \/>\n<meta name=\"author\" content=\"Lucy T.\" \/>\n<meta name=\"twitter:card\" content=\"summary_large_image\" \/>\n<meta name=\"twitter:label1\" content=\"Written by\" \/>\n\t<meta name=\"twitter:data1\" content=\"Lucy T.\" \/>\n\t<meta name=\"twitter:label2\" content=\"Est. reading time\" \/>\n\t<meta name=\"twitter:data2\" content=\"4 minute\" \/>\n<script type=\"application\/ld+json\" class=\"yoast-schema-graph\">{\"@context\":\"https:\\\/\\\/schema.org\",\"@graph\":[{\"@type\":\"Article\",\"@id\":\"https:\\\/\\\/www.glitter.si\\\/cutnost-spomladanskih-mesecev-naj-nas-objame-cvetlicni-potisk\\\/#article\",\"isPartOf\":{\"@id\":\"https:\\\/\\\/www.glitter.si\\\/cutnost-spomladanskih-mesecev-naj-nas-objame-cvetlicni-potisk\\\/\"},\"author\":{\"name\":\"Lucy T.\",\"@id\":\"https:\\\/\\\/www.glitter.si\\\/#\\\/schema\\\/person\\\/374f7d02f069a6a1d461071a831b5d7f\"},\"headline\":\"\u010cutnost spomladanskih mesecev: Naj nas objame cvetli\u010dni potisk\",\"datePublished\":\"2026-03-10T12:06:20+00:00\",\"mainEntityOfPage\":{\"@id\":\"https:\\\/\\\/www.glitter.si\\\/cutnost-spomladanskih-mesecev-naj-nas-objame-cvetlicni-potisk\\\/\"},\"wordCount\":355,\"commentCount\":0,\"image\":{\"@id\":\"https:\\\/\\\/www.glitter.si\\\/cutnost-spomladanskih-mesecev-naj-nas-objame-cvetlicni-potisk\\\/#primaryimage\"},\"thumbnailUrl\":\"https:\\\/\\\/www.glitter.si\\\/wp-content\\\/uploads\\\/2026\\\/03\\\/Chloe-Spring-Summer-2026-nasl.jpg\",\"keywords\":[\"cvetje\",\"cvetli\u010dni potisk\",\"moda\",\"modne smernice\",\"pomlad 2026\",\"ro\u017ee\",\"spomladanska sezona\",\"stil\",\"topla sezona\",\"trendi\"],\"articleSection\":[\"Moda\",\"Style\",\"Trendi\"],\"inLanguage\":\"sl-SI\",\"potentialAction\":[{\"@type\":\"CommentAction\",\"name\":\"Comment\",\"target\":[\"https:\\\/\\\/www.glitter.si\\\/cutnost-spomladanskih-mesecev-naj-nas-objame-cvetlicni-potisk\\\/#respond\"]}]},{\"@type\":\"WebPage\",\"@id\":\"https:\\\/\\\/www.glitter.si\\\/cutnost-spomladanskih-mesecev-naj-nas-objame-cvetlicni-potisk\\\/\",\"url\":\"https:\\\/\\\/www.glitter.si\\\/cutnost-spomladanskih-mesecev-naj-nas-objame-cvetlicni-potisk\\\/\",\"name\":\"\u010cutnost spomladanskih mesecev: Naj nas objame cvetli\u010dni potisk - Glitter.si\",\"isPartOf\":{\"@id\":\"https:\\\/\\\/www.glitter.si\\\/#website\"},\"primaryImageOfPage\":{\"@id\":\"https:\\\/\\\/www.glitter.si\\\/cutnost-spomladanskih-mesecev-naj-nas-objame-cvetlicni-potisk\\\/#primaryimage\"},\"image\":{\"@id\":\"https:\\\/\\\/www.glitter.si\\\/cutnost-spomladanskih-mesecev-naj-nas-objame-cvetlicni-potisk\\\/#primaryimage\"},\"thumbnailUrl\":\"https:\\\/\\\/www.glitter.si\\\/wp-content\\\/uploads\\\/2026\\\/03\\\/Chloe-Spring-Summer-2026-nasl.jpg\",\"datePublished\":\"2026-03-10T12:06:20+00:00\",\"author\":{\"@id\":\"https:\\\/\\\/www.glitter.si\\\/#\\\/schema\\\/person\\\/374f7d02f069a6a1d461071a831b5d7f\"},\"description\":\"Cvetli\u010dni potisk bo na\u0161e vsakdanje stajling zgodbe znova za\u010daral v tiste najbolj romanti\u010dne, kjer se bohoti \u010dutna prefinjenost.\",\"breadcrumb\":{\"@id\":\"https:\\\/\\\/www.glitter.si\\\/cutnost-spomladanskih-mesecev-naj-nas-objame-cvetlicni-potisk\\\/#breadcrumb\"},\"inLanguage\":\"sl-SI\",\"potentialAction\":[{\"@type\":\"ReadAction\",\"target\":[\"https:\\\/\\\/www.glitter.si\\\/cutnost-spomladanskih-mesecev-naj-nas-objame-cvetlicni-potisk\\\/\"]}]},{\"@type\":\"ImageObject\",\"inLanguage\":\"sl-SI\",\"@id\":\"https:\\\/\\\/www.glitter.si\\\/cutnost-spomladanskih-mesecev-naj-nas-objame-cvetlicni-potisk\\\/#primaryimage\",\"url\":\"https:\\\/\\\/www.glitter.si\\\/wp-content\\\/uploads\\\/2026\\\/03\\\/Chloe-Spring-Summer-2026-nasl.jpg\",\"contentUrl\":\"https:\\\/\\\/www.glitter.si\\\/wp-content\\\/uploads\\\/2026\\\/03\\\/Chloe-Spring-Summer-2026-nasl.jpg\",\"width\":800,\"height\":533,\"caption\":\"Chloe pomlad 2026\"},{\"@type\":\"BreadcrumbList\",\"@id\":\"https:\\\/\\\/www.glitter.si\\\/cutnost-spomladanskih-mesecev-naj-nas-objame-cvetlicni-potisk\\\/#breadcrumb\",\"itemListElement\":[{\"@type\":\"ListItem\",\"position\":1,\"name\":\"Home\",\"item\":\"https:\\\/\\\/www.glitter.si\\\/\"},{\"@type\":\"ListItem\",\"position\":2,\"name\":\"\u010cutnost spomladanskih mesecev: Naj nas objame cvetli\u010dni potisk\"}]},{\"@type\":\"WebSite\",\"@id\":\"https:\\\/\\\/www.glitter.si\\\/#website\",\"url\":\"https:\\\/\\\/www.glitter.si\\\/\",\"name\":\"Glitter.si\",\"description\":\"spletna stran o vsem lepem\",\"potentialAction\":[{\"@type\":\"SearchAction\",\"target\":{\"@type\":\"EntryPoint\",\"urlTemplate\":\"https:\\\/\\\/www.glitter.si\\\/?s={search_term_string}\"},\"query-input\":{\"@type\":\"PropertyValueSpecification\",\"valueRequired\":true,\"valueName\":\"search_term_string\"}}],\"inLanguage\":\"sl-SI\"},{\"@type\":\"Person\",\"@id\":\"https:\\\/\\\/www.glitter.si\\\/#\\\/schema\\\/person\\\/374f7d02f069a6a1d461071a831b5d7f\",\"name\":\"Lucy T.\",\"image\":{\"@type\":\"ImageObject\",\"inLanguage\":\"sl-SI\",\"@id\":\"https:\\\/\\\/www.glitter.si\\\/wp-content\\\/uploads\\\/2026\\\/04\\\/lucy-150x150.jpg\",\"url\":\"https:\\\/\\\/www.glitter.si\\\/wp-content\\\/uploads\\\/2026\\\/04\\\/lucy-150x150.jpg\",\"contentUrl\":\"https:\\\/\\\/www.glitter.si\\\/wp-content\\\/uploads\\\/2026\\\/04\\\/lucy-150x150.jpg\",\"caption\":\"Lucy T.\"},\"url\":\"https:\\\/\\\/www.glitter.si\\\/author\\\/lucy\\\/\"}]}<\/script>\n<!-- \/ Yoast SEO plugin. -->","yoast_head_json":{"title":"\u010cutnost spomladanskih mesecev: Naj nas objame cvetli\u010dni potisk - Glitter.si","description":"Cvetli\u010dni potisk bo na\u0161e vsakdanje stajling zgodbe znova za\u010daral v tiste najbolj romanti\u010dne, kjer se bohoti \u010dutna prefinjenost.","robots":{"index":"index","follow":"follow","max-snippet":"max-snippet:-1","max-image-preview":"max-image-preview:large","max-video-preview":"max-video-preview:-1"},"canonical":"https:\/\/www.glitter.si\/cutnost-spomladanskih-mesecev-naj-nas-objame-cvetlicni-potisk\/","og_locale":"sl_SI","og_type":"article","og_title":"\u010cutnost spomladanskih mesecev: Naj nas objame cvetli\u010dni potisk - Glitter.si","og_description":"Cvetli\u010dni potisk bo na\u0161e vsakdanje stajling zgodbe znova za\u010daral v tiste najbolj romanti\u010dne, kjer se bohoti \u010dutna prefinjenost.","og_url":"https:\/\/www.glitter.si\/cutnost-spomladanskih-mesecev-naj-nas-objame-cvetlicni-potisk\/","og_site_name":"Glitter.si","article_published_time":"2026-03-10T12:06:20+00:00","og_image":[{"width":800,"height":533,"url":"https:\/\/www.glitter.si\/wp-content\/uploads\/2026\/03\/Chloe-Spring-Summer-2026-nasl.jpg","type":"image\/jpeg"}],"author":"Lucy T.","twitter_card":"summary_large_image","twitter_misc":{"Written by":"Lucy T.","Est. reading time":"4 minute"},"schema":{"@context":"https:\/\/schema.org","@graph":[{"@type":"Article","@id":"https:\/\/www.glitter.si\/cutnost-spomladanskih-mesecev-naj-nas-objame-cvetlicni-potisk\/#article","isPartOf":{"@id":"https:\/\/www.glitter.si\/cutnost-spomladanskih-mesecev-naj-nas-objame-cvetlicni-potisk\/"},"author":{"name":"Lucy T.","@id":"https:\/\/www.glitter.si\/#\/schema\/person\/374f7d02f069a6a1d461071a831b5d7f"},"headline":"\u010cutnost spomladanskih mesecev: Naj nas objame cvetli\u010dni potisk","datePublished":"2026-03-10T12:06:20+00:00","mainEntityOfPage":{"@id":"https:\/\/www.glitter.si\/cutnost-spomladanskih-mesecev-naj-nas-objame-cvetlicni-potisk\/"},"wordCount":355,"commentCount":0,"image":{"@id":"https:\/\/www.glitter.si\/cutnost-spomladanskih-mesecev-naj-nas-objame-cvetlicni-potisk\/#primaryimage"},"thumbnailUrl":"https:\/\/www.glitter.si\/wp-content\/uploads\/2026\/03\/Chloe-Spring-Summer-2026-nasl.jpg","keywords":["cvetje","cvetli\u010dni potisk","moda","modne smernice","pomlad 2026","ro\u017ee","spomladanska sezona","stil","topla sezona","trendi"],"articleSection":["Moda","Style","Trendi"],"inLanguage":"sl-SI","potentialAction":[{"@type":"CommentAction","name":"Comment","target":["https:\/\/www.glitter.si\/cutnost-spomladanskih-mesecev-naj-nas-objame-cvetlicni-potisk\/#respond"]}]},{"@type":"WebPage","@id":"https:\/\/www.glitter.si\/cutnost-spomladanskih-mesecev-naj-nas-objame-cvetlicni-potisk\/","url":"https:\/\/www.glitter.si\/cutnost-spomladanskih-mesecev-naj-nas-objame-cvetlicni-potisk\/","name":"\u010cutnost spomladanskih mesecev: Naj nas objame cvetli\u010dni potisk - Glitter.si","isPartOf":{"@id":"https:\/\/www.glitter.si\/#website"},"primaryImageOfPage":{"@id":"https:\/\/www.glitter.si\/cutnost-spomladanskih-mesecev-naj-nas-objame-cvetlicni-potisk\/#primaryimage"},"image":{"@id":"https:\/\/www.glitter.si\/cutnost-spomladanskih-mesecev-naj-nas-objame-cvetlicni-potisk\/#primaryimage"},"thumbnailUrl":"https:\/\/www.glitter.si\/wp-content\/uploads\/2026\/03\/Chloe-Spring-Summer-2026-nasl.jpg","datePublished":"2026-03-10T12:06:20+00:00","author":{"@id":"https:\/\/www.glitter.si\/#\/schema\/person\/374f7d02f069a6a1d461071a831b5d7f"},"description":"Cvetli\u010dni potisk bo na\u0161e vsakdanje stajling zgodbe znova za\u010daral v tiste najbolj romanti\u010dne, kjer se bohoti \u010dutna prefinjenost.","breadcrumb":{"@id":"https:\/\/www.glitter.si\/cutnost-spomladanskih-mesecev-naj-nas-objame-cvetlicni-potisk\/#breadcrumb"},"inLanguage":"sl-SI","potentialAction":[{"@type":"ReadAction","target":["https:\/\/www.glitter.si\/cutnost-spomladanskih-mesecev-naj-nas-objame-cvetlicni-potisk\/"]}]},{"@type":"ImageObject","inLanguage":"sl-SI","@id":"https:\/\/www.glitter.si\/cutnost-spomladanskih-mesecev-naj-nas-objame-cvetlicni-potisk\/#primaryimage","url":"https:\/\/www.glitter.si\/wp-content\/uploads\/2026\/03\/Chloe-Spring-Summer-2026-nasl.jpg","contentUrl":"https:\/\/www.glitter.si\/wp-content\/uploads\/2026\/03\/Chloe-Spring-Summer-2026-nasl.jpg","width":800,"height":533,"caption":"Chloe pomlad 2026"},{"@type":"BreadcrumbList","@id":"https:\/\/www.glitter.si\/cutnost-spomladanskih-mesecev-naj-nas-objame-cvetlicni-potisk\/#breadcrumb","itemListElement":[{"@type":"ListItem","position":1,"name":"Home","item":"https:\/\/www.glitter.si\/"},{"@type":"ListItem","position":2,"name":"\u010cutnost spomladanskih mesecev: Naj nas objame cvetli\u010dni potisk"}]},{"@type":"WebSite","@id":"https:\/\/www.glitter.si\/#website","url":"https:\/\/www.glitter.si\/","name":"Glitter.si","description":"spletna stran o vsem lepem","potentialAction":[{"@type":"SearchAction","target":{"@type":"EntryPoint","urlTemplate":"https:\/\/www.glitter.si\/?s={search_term_string}"},"query-input":{"@type":"PropertyValueSpecification","valueRequired":true,"valueName":"search_term_string"}}],"inLanguage":"sl-SI"},{"@type":"Person","@id":"https:\/\/www.glitter.si\/#\/schema\/person\/374f7d02f069a6a1d461071a831b5d7f","name":"Lucy T.","image":{"@type":"ImageObject","inLanguage":"sl-SI","@id":"https:\/\/www.glitter.si\/wp-content\/uploads\/2026\/04\/lucy-150x150.jpg","url":"https:\/\/www.glitter.si\/wp-content\/uploads\/2026\/04\/lucy-150x150.jpg","contentUrl":"https:\/\/www.glitter.si\/wp-content\/uploads\/2026\/04\/lucy-150x150.jpg","caption":"Lucy T."},"url":"https:\/\/www.glitter.si\/author\/lucy\/"}]}},"_links":{"self":[{"href":"https:\/\/www.glitter.si\/wp-json\/wp\/v2\/posts\/354693","targetHints":{"allow":["GET"]}}],"collection":[{"href":"https:\/\/www.glitter.si\/wp-json\/wp\/v2\/posts"}],"about":[{"href":"https:\/\/www.glitter.si\/wp-json\/wp\/v2\/types\/post"}],"author":[{"embeddable":true,"href":"https:\/\/www.glitter.si\/wp-json\/wp\/v2\/users\/5"}],"replies":[{"embeddable":true,"href":"https:\/\/www.glitter.si\/wp-json\/wp\/v2\/comments?post=354693"}],"version-history":[{"count":0,"href":"https:\/\/www.glitter.si\/wp-json\/wp\/v2\/posts\/354693\/revisions"}],"wp:featuredmedia":[{"embeddable":true,"href":"https:\/\/www.glitter.si\/wp-json\/wp\/v2\/media\/354895"}],"wp:attachment":[{"href":"https:\/\/www.glitter.si\/wp-json\/wp\/v2\/media?parent=354693"}],"wp:term":[{"taxonomy":"category","embeddable":true,"href":"https:\/\/www.glitter.si\/wp-json\/wp\/v2\/categories?post=354693"},{"taxonomy":"post_tag","embeddable":true,"href":"https:\/\/www.glitter.si\/wp-json\/wp\/v2\/tags?post=354693"}],"curies":[{"name":"wp","href":"https:\/\/api.w.org\/{rel}","templated":true}]}}