{"id":354883,"date":"2026-03-09T17:09:52","date_gmt":"2026-03-09T16:09:52","guid":{"rendered":"https:\/\/www.glitter.si\/?p=354883"},"modified":"2026-03-09T17:09:52","modified_gmt":"2026-03-09T16:09:52","slug":"modna-pomlad-v-sredisce-postavlja-nasa-ramena","status":"publish","type":"post","link":"https:\/\/www.glitter.si\/modna-pomlad-v-sredisce-postavlja-nasa-ramena\/","title":{"rendered":"Modna pomlad v sredi\u0161\u010de postavlja na\u0161a ramena"},"content":{"rendered":"\n<p style=\"text-align: justify;\">Pri\u010denja se prehod v novo, toplej\u0161o sezono in prav marec je tisti, ki nam vsako leto razkrije najpomembnej\u0161e modne in lepotne elemente, ki bodo zaznamovali spomladanske, tudi poletne mesece. Stajling zgodbe bodo tokrat vsepovsod, od tistih kul, retro pa vse do najbolj romanti\u010dnih, zapeljivih in na trenutke tudi precej od\u0161tekanih. Poudarek bo tokrat tako na linijah in krojih, kot tudi na materialih in \u0161e veliko bolj na motivih. Modne ideje nas bodo vodile po poteh umetnosti, outfiti bodo razgibani, polni vpadljivih odtenkov in prosojnih materialov. Med detajli, ki bodo pritegnili na\u0161 pogled, bodo nedvomno tudi oblike blazerjev, oblek, srajc, topov, celo jaken in tren\u010dev. Velik poudarek se vra\u010da na predel ramen, kar ve\u010dkrat ustvarja pridih preteklih osemdesetih, tudi devetdesetih. Gre za vpadljive primerke, kateri ve\u010dkrat veljajo za <em>statement <\/em>kos.<\/p>\n\n\n\n<figure class=\"wp-block-gallery has-nested-images columns-default is-cropped wp-block-gallery-1 is-layout-flex wp-block-gallery-is-layout-flex\" style=\"text-align: justify;\">\n<figure class=\"wp-block-image size-large\"><img fetchpriority=\"high\" decoding=\"async\" width=\"736\" height=\"1104\" data-id=\"354887\" class=\"wp-image-354887\" src=\"https:\/\/www.glitter.si\/wp-content\/uploads\/ram-2.jpg\" alt=\"\" \/><\/figure>\n\n\n\n<figure class=\"wp-block-image size-large\"><img decoding=\"async\" width=\"736\" height=\"1104\" data-id=\"354886\" class=\"wp-image-354886\" src=\"https:\/\/www.glitter.si\/wp-content\/uploads\/ram-10.jpg\" alt=\"\" \/><\/figure>\n\n<figcaption class=\"blocks-gallery-caption wp-element-caption\">Chloe pomlad 2026<\/figcaption>\n<\/figure>\n\n\n\n<h4 class=\"wp-block-heading\" style=\"text-align: justify;\"><strong><em>Gola oziroma razkrita ramena<\/em><\/strong><\/h4>\n\n\n\n<p style=\"text-align: justify;\">Kot \u017ee re\u010deno tokrat moda ni pozabila na element zapeljivosti. Razgaljena ramena so eden klju\u010dnih faktorjev, ki pri tovrstnih podobah prispevajo ogromno. Tu so dolge, razko\u0161ne obleke, puli obleke, bohotni topi in atipi\u010dne srajce z zanimivim dizajnom, celo jakne in tren\u010di, kjer so vsem seveda skupna gola oziroma vsaj delno odkrita ramena. Gre za izredno \u017eenstveno podobo, ki bo najlep\u0161e zablestela prav v poletni sezoni, v dru\u017ebi zagorele, sijo\u010de polti in naravno nali\u010denega, celo nenali\u010denega obraza.<\/p>\n\n\n\n<figure class=\"wp-block-gallery has-nested-images columns-default is-cropped wp-block-gallery-2 is-layout-flex wp-block-gallery-is-layout-flex\" style=\"text-align: justify;\">\n<figure class=\"wp-block-image size-large\"><img decoding=\"async\" width=\"736\" height=\"1104\" data-id=\"354888\" class=\"wp-image-354888\" src=\"https:\/\/www.glitter.si\/wp-content\/uploads\/ram-5.jpg\" alt=\"\" \/><\/figure>\n\n\n\n<figure class=\"wp-block-image size-large\"><img loading=\"lazy\" decoding=\"async\" width=\"736\" height=\"1104\" data-id=\"354889\" class=\"wp-image-354889\" src=\"https:\/\/www.glitter.si\/wp-content\/uploads\/ram-9.jpg\" alt=\"\" \/><\/figure>\n\n<figcaption class=\"blocks-gallery-caption wp-element-caption\">Givenchy pomlad 2026<\/figcaption>\n<\/figure>\n\n\n\n<figure class=\"wp-block-gallery has-nested-images columns-default is-cropped wp-block-gallery-3 is-layout-flex wp-block-gallery-is-layout-flex\" style=\"text-align: justify;\">\n<figure class=\"wp-block-image size-large\"><img loading=\"lazy\" decoding=\"async\" width=\"736\" height=\"1472\" data-id=\"354891\" class=\"wp-image-354891\" src=\"https:\/\/www.glitter.si\/wp-content\/uploads\/ram-3.jpg\" alt=\"\" \/><\/figure>\n\n\n\n<figure class=\"wp-block-image size-large\"><img loading=\"lazy\" decoding=\"async\" width=\"736\" height=\"1472\" data-id=\"354890\" class=\"wp-image-354890\" src=\"https:\/\/www.glitter.si\/wp-content\/uploads\/ram-8.jpg\" alt=\"\" \/><\/figure>\n\n<figcaption class=\"blocks-gallery-caption wp-element-caption\">Giambattista Valli pomlad 2026<\/figcaption>\n<\/figure>\n\n\n\n<figure class=\"wp-block-gallery has-nested-images columns-default is-cropped wp-block-gallery-4 is-layout-flex wp-block-gallery-is-layout-flex\" style=\"text-align: justify;\">\n<figure class=\"wp-block-image size-large\"><img loading=\"lazy\" decoding=\"async\" width=\"736\" height=\"1104\" data-id=\"354892\" class=\"wp-image-354892\" src=\"https:\/\/www.glitter.si\/wp-content\/uploads\/ram-6.jpg\" alt=\"\" \/><\/figure>\n\n\n\n<figure class=\"wp-block-image size-large\"><img loading=\"lazy\" decoding=\"async\" width=\"736\" height=\"1104\" data-id=\"354893\" class=\"wp-image-354893\" src=\"https:\/\/www.glitter.si\/wp-content\/uploads\/ram-7.jpg\" alt=\"\" \/><\/figure>\n\n<figcaption class=\"blocks-gallery-caption wp-element-caption\">Saint Laurent pomlad 2026<\/figcaption>\n<\/figure>\n\n\n\n<h4 class=\"wp-block-heading\" style=\"text-align: justify;\"><strong><em>Poudarjena, napihnjena ramena<\/em><\/strong><\/h4>\n\n\n\n<p style=\"text-align: justify;\">To pa je druga plat tega trenda. Ramena niso razgaljena, temve\u010d pokrita z obilnim volumnom, poravnana, <em>oversize<\/em>. Gre za ve\u010dkrat pretirane, lahko bi rekli kar karikirane podobe, ki stavijo na element \u0161okantnosti. Naj gre za blazer, bluzo ali kak drug kos, ramena tu prevzemajo glavno vlogo celotne podobe. V\u010dasih se jim pridru\u017eijo tudi napihnjeni rokavi, moda pa se letos rada poigrava s pridihom srednjeve\u0161kega stila.<\/p>\n\n\n\n<p style=\"text-align: justify;\">Ne glede na na\u010din poudarjenih ramen pa so vsem ve\u010dkrat skupne tudi kombinacije, pri katerih so velik <em>must have<\/em> \u0161iroke hla\u010de in asimetri\u010dna, midi krila, divji potiski in vezenine ter 3D detajli, kot so resice, ro\u017ee in \u0161e mnogo ve\u010d. Moda bo to pomlad in poletje dale\u010d od dolgo\u010dasnega.<\/p>\n","protected":false},"excerpt":{"rendered":"<p>Velik poudarek se vra\u010da na predel ramen, kar ve\u010dkrat ustvarja pridih preteklih osemdesetih, tudi devetdesetih.<\/p>\n","protected":false},"author":5,"featured_media":354885,"comment_status":"open","ping_status":"closed","sticky":false,"template":"","format":"standard","meta":{"footnotes":""},"categories":[12,25,26],"tags":[5003,7480,9568,9702,10315,12736,12988,13654,15762,16646,16786],"class_list":{"0":"post-354883","1":"post","2":"type-post","3":"status-publish","4":"format-standard","5":"has-post-thumbnail","7":"category-moda","8":"category-style","9":"category-trendi","10":"tag-gola-ramena","11":"tag-kroji","12":"tag-moda","13":"tag-modne-smernice","14":"tag-napihnjeni-rokavi","15":"tag-pomlad-2026","16":"tag-poudarjena-ramena","17":"tag-ramena","18":"tag-stil","19":"tag-topla-sezona-2026","20":"tag-trendi"},"yoast_head":"<!-- This site is optimized with the Yoast SEO plugin v27.4 - https:\/\/yoast.com\/product\/yoast-seo-wordpress\/ -->\n<title>Modna pomlad v sredi\u0161\u010de postavlja na\u0161a ramena - Glitter.si<\/title>\n<meta name=\"description\" content=\"Velik poudarek se vra\u010da na predel ramen, kar ve\u010dkrat ustvarja pridih preteklih osemdesetih, tudi devetdesetih.\" \/>\n<meta name=\"robots\" content=\"index, follow, max-snippet:-1, max-image-preview:large, max-video-preview:-1\" \/>\n<link rel=\"canonical\" href=\"https:\/\/www.glitter.si\/modna-pomlad-v-sredisce-postavlja-nasa-ramena\/\" \/>\n<meta property=\"og:locale\" content=\"sl_SI\" \/>\n<meta property=\"og:type\" content=\"article\" \/>\n<meta property=\"og:title\" content=\"Modna pomlad v sredi\u0161\u010de postavlja na\u0161a ramena - Glitter.si\" \/>\n<meta property=\"og:description\" content=\"Velik poudarek se vra\u010da na predel ramen, kar ve\u010dkrat ustvarja pridih preteklih osemdesetih, tudi devetdesetih.\" \/>\n<meta property=\"og:url\" content=\"https:\/\/www.glitter.si\/modna-pomlad-v-sredisce-postavlja-nasa-ramena\/\" \/>\n<meta property=\"og:site_name\" content=\"Glitter.si\" \/>\n<meta property=\"article:published_time\" content=\"2026-03-09T16:09:52+00:00\" \/>\n<meta property=\"og:image\" content=\"https:\/\/www.glitter.si\/wp-content\/uploads\/2026\/03\/ram-1-e1772896228668.jpg\" \/>\n\t<meta property=\"og:image:width\" content=\"736\" \/>\n\t<meta property=\"og:image:height\" content=\"610\" \/>\n\t<meta property=\"og:image:type\" content=\"image\/jpeg\" \/>\n<meta name=\"author\" content=\"Lucy T.\" \/>\n<meta name=\"twitter:card\" content=\"summary_large_image\" \/>\n<meta name=\"twitter:label1\" content=\"Written by\" \/>\n\t<meta name=\"twitter:data1\" content=\"Lucy T.\" \/>\n\t<meta name=\"twitter:label2\" content=\"Est. reading time\" \/>\n\t<meta name=\"twitter:data2\" content=\"4 minute\" \/>\n<script type=\"application\/ld+json\" class=\"yoast-schema-graph\">{\"@context\":\"https:\\\/\\\/schema.org\",\"@graph\":[{\"@type\":\"Article\",\"@id\":\"https:\\\/\\\/www.glitter.si\\\/modna-pomlad-v-sredisce-postavlja-nasa-ramena\\\/#article\",\"isPartOf\":{\"@id\":\"https:\\\/\\\/www.glitter.si\\\/modna-pomlad-v-sredisce-postavlja-nasa-ramena\\\/\"},\"author\":{\"name\":\"Lucy T.\",\"@id\":\"https:\\\/\\\/www.glitter.si\\\/#\\\/schema\\\/person\\\/374f7d02f069a6a1d461071a831b5d7f\"},\"headline\":\"Modna pomlad v sredi\u0161\u010de postavlja na\u0161a ramena\",\"datePublished\":\"2026-03-09T16:09:52+00:00\",\"mainEntityOfPage\":{\"@id\":\"https:\\\/\\\/www.glitter.si\\\/modna-pomlad-v-sredisce-postavlja-nasa-ramena\\\/\"},\"wordCount\":374,\"commentCount\":0,\"image\":{\"@id\":\"https:\\\/\\\/www.glitter.si\\\/modna-pomlad-v-sredisce-postavlja-nasa-ramena\\\/#primaryimage\"},\"thumbnailUrl\":\"https:\\\/\\\/www.glitter.si\\\/wp-content\\\/uploads\\\/2026\\\/03\\\/ram-1-e1772896228668.jpg\",\"keywords\":[\"gola ramena\",\"kroji\",\"moda\",\"modne smernice\",\"napihnjeni rokavi\",\"pomlad 2026\",\"poudarjena ramena\",\"ramena\",\"stil\",\"topla sezona 2026\",\"trendi\"],\"articleSection\":[\"Moda\",\"Style\",\"Trendi\"],\"inLanguage\":\"sl-SI\",\"potentialAction\":[{\"@type\":\"CommentAction\",\"name\":\"Comment\",\"target\":[\"https:\\\/\\\/www.glitter.si\\\/modna-pomlad-v-sredisce-postavlja-nasa-ramena\\\/#respond\"]}]},{\"@type\":\"WebPage\",\"@id\":\"https:\\\/\\\/www.glitter.si\\\/modna-pomlad-v-sredisce-postavlja-nasa-ramena\\\/\",\"url\":\"https:\\\/\\\/www.glitter.si\\\/modna-pomlad-v-sredisce-postavlja-nasa-ramena\\\/\",\"name\":\"Modna pomlad v sredi\u0161\u010de postavlja na\u0161a ramena - Glitter.si\",\"isPartOf\":{\"@id\":\"https:\\\/\\\/www.glitter.si\\\/#website\"},\"primaryImageOfPage\":{\"@id\":\"https:\\\/\\\/www.glitter.si\\\/modna-pomlad-v-sredisce-postavlja-nasa-ramena\\\/#primaryimage\"},\"image\":{\"@id\":\"https:\\\/\\\/www.glitter.si\\\/modna-pomlad-v-sredisce-postavlja-nasa-ramena\\\/#primaryimage\"},\"thumbnailUrl\":\"https:\\\/\\\/www.glitter.si\\\/wp-content\\\/uploads\\\/2026\\\/03\\\/ram-1-e1772896228668.jpg\",\"datePublished\":\"2026-03-09T16:09:52+00:00\",\"author\":{\"@id\":\"https:\\\/\\\/www.glitter.si\\\/#\\\/schema\\\/person\\\/374f7d02f069a6a1d461071a831b5d7f\"},\"description\":\"Velik poudarek se vra\u010da na predel ramen, kar ve\u010dkrat ustvarja pridih preteklih osemdesetih, tudi devetdesetih.\",\"breadcrumb\":{\"@id\":\"https:\\\/\\\/www.glitter.si\\\/modna-pomlad-v-sredisce-postavlja-nasa-ramena\\\/#breadcrumb\"},\"inLanguage\":\"sl-SI\",\"potentialAction\":[{\"@type\":\"ReadAction\",\"target\":[\"https:\\\/\\\/www.glitter.si\\\/modna-pomlad-v-sredisce-postavlja-nasa-ramena\\\/\"]}]},{\"@type\":\"ImageObject\",\"inLanguage\":\"sl-SI\",\"@id\":\"https:\\\/\\\/www.glitter.si\\\/modna-pomlad-v-sredisce-postavlja-nasa-ramena\\\/#primaryimage\",\"url\":\"https:\\\/\\\/www.glitter.si\\\/wp-content\\\/uploads\\\/2026\\\/03\\\/ram-1-e1772896228668.jpg\",\"contentUrl\":\"https:\\\/\\\/www.glitter.si\\\/wp-content\\\/uploads\\\/2026\\\/03\\\/ram-1-e1772896228668.jpg\",\"width\":736,\"height\":610,\"caption\":\"Carolina Herrera pomlad 2026\"},{\"@type\":\"BreadcrumbList\",\"@id\":\"https:\\\/\\\/www.glitter.si\\\/modna-pomlad-v-sredisce-postavlja-nasa-ramena\\\/#breadcrumb\",\"itemListElement\":[{\"@type\":\"ListItem\",\"position\":1,\"name\":\"Home\",\"item\":\"https:\\\/\\\/www.glitter.si\\\/\"},{\"@type\":\"ListItem\",\"position\":2,\"name\":\"Modna pomlad v sredi\u0161\u010de postavlja na\u0161a ramena\"}]},{\"@type\":\"WebSite\",\"@id\":\"https:\\\/\\\/www.glitter.si\\\/#website\",\"url\":\"https:\\\/\\\/www.glitter.si\\\/\",\"name\":\"Glitter.si\",\"description\":\"spletna stran o vsem lepem\",\"potentialAction\":[{\"@type\":\"SearchAction\",\"target\":{\"@type\":\"EntryPoint\",\"urlTemplate\":\"https:\\\/\\\/www.glitter.si\\\/?s={search_term_string}\"},\"query-input\":{\"@type\":\"PropertyValueSpecification\",\"valueRequired\":true,\"valueName\":\"search_term_string\"}}],\"inLanguage\":\"sl-SI\"},{\"@type\":\"Person\",\"@id\":\"https:\\\/\\\/www.glitter.si\\\/#\\\/schema\\\/person\\\/374f7d02f069a6a1d461071a831b5d7f\",\"name\":\"Lucy T.\",\"image\":{\"@type\":\"ImageObject\",\"inLanguage\":\"sl-SI\",\"@id\":\"https:\\\/\\\/www.glitter.si\\\/wp-content\\\/uploads\\\/2026\\\/04\\\/lucy-150x150.jpg\",\"url\":\"https:\\\/\\\/www.glitter.si\\\/wp-content\\\/uploads\\\/2026\\\/04\\\/lucy-150x150.jpg\",\"contentUrl\":\"https:\\\/\\\/www.glitter.si\\\/wp-content\\\/uploads\\\/2026\\\/04\\\/lucy-150x150.jpg\",\"caption\":\"Lucy T.\"},\"url\":\"https:\\\/\\\/www.glitter.si\\\/author\\\/lucy\\\/\"}]}<\/script>\n<!-- \/ Yoast SEO plugin. -->","yoast_head_json":{"title":"Modna pomlad v sredi\u0161\u010de postavlja na\u0161a ramena - Glitter.si","description":"Velik poudarek se vra\u010da na predel ramen, kar ve\u010dkrat ustvarja pridih preteklih osemdesetih, tudi devetdesetih.","robots":{"index":"index","follow":"follow","max-snippet":"max-snippet:-1","max-image-preview":"max-image-preview:large","max-video-preview":"max-video-preview:-1"},"canonical":"https:\/\/www.glitter.si\/modna-pomlad-v-sredisce-postavlja-nasa-ramena\/","og_locale":"sl_SI","og_type":"article","og_title":"Modna pomlad v sredi\u0161\u010de postavlja na\u0161a ramena - Glitter.si","og_description":"Velik poudarek se vra\u010da na predel ramen, kar ve\u010dkrat ustvarja pridih preteklih osemdesetih, tudi devetdesetih.","og_url":"https:\/\/www.glitter.si\/modna-pomlad-v-sredisce-postavlja-nasa-ramena\/","og_site_name":"Glitter.si","article_published_time":"2026-03-09T16:09:52+00:00","og_image":[{"width":736,"height":610,"url":"https:\/\/www.glitter.si\/wp-content\/uploads\/2026\/03\/ram-1-e1772896228668.jpg","type":"image\/jpeg"}],"author":"Lucy T.","twitter_card":"summary_large_image","twitter_misc":{"Written by":"Lucy T.","Est. reading time":"4 minute"},"schema":{"@context":"https:\/\/schema.org","@graph":[{"@type":"Article","@id":"https:\/\/www.glitter.si\/modna-pomlad-v-sredisce-postavlja-nasa-ramena\/#article","isPartOf":{"@id":"https:\/\/www.glitter.si\/modna-pomlad-v-sredisce-postavlja-nasa-ramena\/"},"author":{"name":"Lucy T.","@id":"https:\/\/www.glitter.si\/#\/schema\/person\/374f7d02f069a6a1d461071a831b5d7f"},"headline":"Modna pomlad v sredi\u0161\u010de postavlja na\u0161a ramena","datePublished":"2026-03-09T16:09:52+00:00","mainEntityOfPage":{"@id":"https:\/\/www.glitter.si\/modna-pomlad-v-sredisce-postavlja-nasa-ramena\/"},"wordCount":374,"commentCount":0,"image":{"@id":"https:\/\/www.glitter.si\/modna-pomlad-v-sredisce-postavlja-nasa-ramena\/#primaryimage"},"thumbnailUrl":"https:\/\/www.glitter.si\/wp-content\/uploads\/2026\/03\/ram-1-e1772896228668.jpg","keywords":["gola ramena","kroji","moda","modne smernice","napihnjeni rokavi","pomlad 2026","poudarjena ramena","ramena","stil","topla sezona 2026","trendi"],"articleSection":["Moda","Style","Trendi"],"inLanguage":"sl-SI","potentialAction":[{"@type":"CommentAction","name":"Comment","target":["https:\/\/www.glitter.si\/modna-pomlad-v-sredisce-postavlja-nasa-ramena\/#respond"]}]},{"@type":"WebPage","@id":"https:\/\/www.glitter.si\/modna-pomlad-v-sredisce-postavlja-nasa-ramena\/","url":"https:\/\/www.glitter.si\/modna-pomlad-v-sredisce-postavlja-nasa-ramena\/","name":"Modna pomlad v sredi\u0161\u010de postavlja na\u0161a ramena - Glitter.si","isPartOf":{"@id":"https:\/\/www.glitter.si\/#website"},"primaryImageOfPage":{"@id":"https:\/\/www.glitter.si\/modna-pomlad-v-sredisce-postavlja-nasa-ramena\/#primaryimage"},"image":{"@id":"https:\/\/www.glitter.si\/modna-pomlad-v-sredisce-postavlja-nasa-ramena\/#primaryimage"},"thumbnailUrl":"https:\/\/www.glitter.si\/wp-content\/uploads\/2026\/03\/ram-1-e1772896228668.jpg","datePublished":"2026-03-09T16:09:52+00:00","author":{"@id":"https:\/\/www.glitter.si\/#\/schema\/person\/374f7d02f069a6a1d461071a831b5d7f"},"description":"Velik poudarek se vra\u010da na predel ramen, kar ve\u010dkrat ustvarja pridih preteklih osemdesetih, tudi devetdesetih.","breadcrumb":{"@id":"https:\/\/www.glitter.si\/modna-pomlad-v-sredisce-postavlja-nasa-ramena\/#breadcrumb"},"inLanguage":"sl-SI","potentialAction":[{"@type":"ReadAction","target":["https:\/\/www.glitter.si\/modna-pomlad-v-sredisce-postavlja-nasa-ramena\/"]}]},{"@type":"ImageObject","inLanguage":"sl-SI","@id":"https:\/\/www.glitter.si\/modna-pomlad-v-sredisce-postavlja-nasa-ramena\/#primaryimage","url":"https:\/\/www.glitter.si\/wp-content\/uploads\/2026\/03\/ram-1-e1772896228668.jpg","contentUrl":"https:\/\/www.glitter.si\/wp-content\/uploads\/2026\/03\/ram-1-e1772896228668.jpg","width":736,"height":610,"caption":"Carolina Herrera pomlad 2026"},{"@type":"BreadcrumbList","@id":"https:\/\/www.glitter.si\/modna-pomlad-v-sredisce-postavlja-nasa-ramena\/#breadcrumb","itemListElement":[{"@type":"ListItem","position":1,"name":"Home","item":"https:\/\/www.glitter.si\/"},{"@type":"ListItem","position":2,"name":"Modna pomlad v sredi\u0161\u010de postavlja na\u0161a ramena"}]},{"@type":"WebSite","@id":"https:\/\/www.glitter.si\/#website","url":"https:\/\/www.glitter.si\/","name":"Glitter.si","description":"spletna stran o vsem lepem","potentialAction":[{"@type":"SearchAction","target":{"@type":"EntryPoint","urlTemplate":"https:\/\/www.glitter.si\/?s={search_term_string}"},"query-input":{"@type":"PropertyValueSpecification","valueRequired":true,"valueName":"search_term_string"}}],"inLanguage":"sl-SI"},{"@type":"Person","@id":"https:\/\/www.glitter.si\/#\/schema\/person\/374f7d02f069a6a1d461071a831b5d7f","name":"Lucy T.","image":{"@type":"ImageObject","inLanguage":"sl-SI","@id":"https:\/\/www.glitter.si\/wp-content\/uploads\/2026\/04\/lucy-150x150.jpg","url":"https:\/\/www.glitter.si\/wp-content\/uploads\/2026\/04\/lucy-150x150.jpg","contentUrl":"https:\/\/www.glitter.si\/wp-content\/uploads\/2026\/04\/lucy-150x150.jpg","caption":"Lucy T."},"url":"https:\/\/www.glitter.si\/author\/lucy\/"}]}},"_links":{"self":[{"href":"https:\/\/www.glitter.si\/wp-json\/wp\/v2\/posts\/354883","targetHints":{"allow":["GET"]}}],"collection":[{"href":"https:\/\/www.glitter.si\/wp-json\/wp\/v2\/posts"}],"about":[{"href":"https:\/\/www.glitter.si\/wp-json\/wp\/v2\/types\/post"}],"author":[{"embeddable":true,"href":"https:\/\/www.glitter.si\/wp-json\/wp\/v2\/users\/5"}],"replies":[{"embeddable":true,"href":"https:\/\/www.glitter.si\/wp-json\/wp\/v2\/comments?post=354883"}],"version-history":[{"count":0,"href":"https:\/\/www.glitter.si\/wp-json\/wp\/v2\/posts\/354883\/revisions"}],"wp:featuredmedia":[{"embeddable":true,"href":"https:\/\/www.glitter.si\/wp-json\/wp\/v2\/media\/354885"}],"wp:attachment":[{"href":"https:\/\/www.glitter.si\/wp-json\/wp\/v2\/media?parent=354883"}],"wp:term":[{"taxonomy":"category","embeddable":true,"href":"https:\/\/www.glitter.si\/wp-json\/wp\/v2\/categories?post=354883"},{"taxonomy":"post_tag","embeddable":true,"href":"https:\/\/www.glitter.si\/wp-json\/wp\/v2\/tags?post=354883"}],"curies":[{"name":"wp","href":"https:\/\/api.w.org\/{rel}","templated":true}]}}