{"id":355216,"date":"2026-03-18T17:01:14","date_gmt":"2026-03-18T16:01:14","guid":{"rendered":"https:\/\/www.glitter.si\/?p=355181"},"modified":"2026-03-18T17:01:14","modified_gmt":"2026-03-18T16:01:14","slug":"modro-sencilo-trend-2024","status":"publish","type":"post","link":"https:\/\/www.glitter.si\/modro-sencilo-trend-2024\/","title":{"rendered":"Modro sen\u010dilo se vra\u010da"},"content":{"rendered":"\n<p style=\"text-align: justify;\">Tako kot se vsako leto v modi izmenjujejo kroji kavbojk ali barve las, tudi svet li\u010dil vedno zaznamuje ena dominantna barva. Po obdobju Barbie ro\u017enate in ne\u017enih pastelnih tonov v letu se v ospredje vra\u010da nova zvezda: <strong>modra.<\/strong> Sen\u010dila v odtenkih azurne, safirne in ledeno modre so znova postala ena najbolj opaznih smernic v li\u010denju.<\/p>\n\n\n\n<figure class=\"wp-block-gallery has-nested-images columns-default is-cropped wp-block-gallery-1 is-layout-flex wp-block-gallery-is-layout-flex\" style=\"text-align: justify;\">\n<figure class=\"wp-block-image size-large\"><img decoding=\"async\" data-id=\"355182\" class=\"wp-image-355182\" src=\"https:\/\/www.glitter.si\/wp-content\/uploads\/2026\/03\/2026-Makwup-Trend-Pop-of-Blue.webp\" alt=\"\" \/><\/figure>\n\n<figcaption class=\"blocks-gallery-caption wp-element-caption\">vir: Pinterest<\/figcaption>\n<\/figure>\n\n\n\n<p style=\"text-align: justify;\">Kljub temu pa modri make-up nikoli ni zares izginil. Gre za ikoni\u010den videz, ki se je skozi desetletja vedno znova pojavljal v razli\u010dnih oblikah. \u017de prva lutka Barbie je imela zna\u010dilno modro sen\u010dilo, kasneje pa so ga popularizirale filmske in popkulturne ikone \u0161estdesetih let. V sedemdesetih so ga reinterpretirale zvezde glamurja in disko kulture, v osemdesetih pa je postal simbol drznega in glamuroznega stila.<\/p>\n\n\n\n<figure class=\"wp-block-gallery has-nested-images columns-default is-cropped wp-block-gallery-2 is-layout-flex wp-block-gallery-is-layout-flex\" style=\"text-align: justify;\">\n<figure class=\"wp-block-image size-large\"><img decoding=\"async\" data-id=\"355183\" class=\"wp-image-355183\" src=\"https:\/\/www.glitter.si\/wp-content\/uploads\/2026\/03\/blue-eyeshadow-659423c4c001b.avif\" alt=\"\" \/><\/figure>\n\n<figcaption class=\"blocks-gallery-caption wp-element-caption\">vir: Pinterest<\/figcaption>\n<\/figure>\n\n\n\n<p style=\"text-align: justify;\">Trend se je za\u010del mo\u010dno kazati na modnih pistah. Oblikovalci so v kolekcijah predstavili razli\u010dne interpretacije modrega o\u010desnega make-upa, od kovinskih 90-ih odtenkov in mehkih pastelnih nanosov do grafi\u010dnih eyelinerjev in dramati\u010dnih geometriskih potez. Tudi nove kolekcije na modnih tednih nakazujejo, da bo modra barva ostala pomemben del lepotnih trendov \u0161e nekaj \u010dasa.<\/p>\n\n\n\n<figure class=\"wp-block-gallery has-nested-images columns-default is-cropped wp-block-gallery-3 is-layout-flex wp-block-gallery-is-layout-flex\" style=\"text-align: justify;\">\n<figure class=\"wp-block-image size-large\"><img decoding=\"async\" data-id=\"355184\" class=\"wp-image-355184\" src=\"https:\/\/www.glitter.si\/wp-content\/uploads\/2026\/03\/cAuh826ZUHtkXweycmqmfA.jpg\" alt=\"\" \/><\/figure>\n\n\n\n<figure class=\"wp-block-image size-large\"><img decoding=\"async\" data-id=\"355185\" class=\"wp-image-355185\" src=\"https:\/\/www.glitter.si\/wp-content\/uploads\/2026\/03\/bpZzYycfGeYLRMMCe96ddd.jpg\" alt=\"\" \/><\/figure>\n\n<figcaption class=\"blocks-gallery-caption wp-element-caption\">vir: Pinterest<\/figcaption>\n<\/figure>\n\n\n\n<p style=\"text-align: justify;\">Navdu\u0161enje nad modrim sen\u010dilom se je hitro preselilo tudi na rde\u010de preproge. Igralke in modne zvezde ga nosijo v lahkih, prosojnih nanosih, ki delujejo sve\u017ee in elegantno. Pogosto je navdih za tak videz tudi obleka ali celoten stajling, saj modri odtenki ustvarijo harmoni\u010den, skoraj ledeno svetle\u010d u\u010dinek.<\/p>\n\n\n\n<figure class=\"wp-block-gallery has-nested-images columns-default is-cropped wp-block-gallery-4 is-layout-flex wp-block-gallery-is-layout-flex\" style=\"text-align: justify;\">\n<figure class=\"wp-block-image size-large\"><img decoding=\"async\" data-id=\"355187\" class=\"wp-image-355187\" src=\"https:\/\/www.glitter.si\/wp-content\/uploads\/2026\/03\/maquillaje-de-los-2000-sombas-color-azul.webp\" alt=\"\" \/><\/figure>\n\n\n\n<figure class=\"wp-block-image size-large\"><img decoding=\"async\" data-id=\"355188\" class=\"wp-image-355188\" src=\"https:\/\/www.glitter.si\/wp-content\/uploads\/2026\/03\/71gaPNacZJL.jpg\" alt=\"\" \/><\/figure>\n\n\n\n<figure class=\"wp-block-image size-large\"><img decoding=\"async\" data-id=\"355189\" class=\"wp-image-355189\" src=\"https:\/\/www.glitter.si\/wp-content\/uploads\/2026\/03\/Screenshot-2026-03-16-at-11.20.10.jpg\" alt=\"\" \/><\/figure>\n\n<figcaption class=\"blocks-gallery-caption wp-element-caption\">vir: Pinterest<\/figcaption>\n<\/figure>\n\n\n\n<p style=\"text-align: justify;\">Velik vpliv na popularnost trenda imajo tudi dru\u017ebena omre\u017eja. Iskanja modrega make-upa na spletnih platformah so mo\u010dno narasla, videi z modrim sen\u010dilom in maskaro pa na dru\u017ebenih omre\u017ejih dosegajo ve\u010d sto milijonov ogledov. To potrjuje, da modra barva ponovno navdu\u0161uje novo generacijo ljubiteljev li\u010dil.<\/p>\n\n\n\n<figure class=\"wp-block-gallery has-nested-images columns-default is-cropped wp-block-gallery-5 is-layout-flex wp-block-gallery-is-layout-flex\" style=\"text-align: justify;\">\n<figure class=\"wp-block-image size-large\"><img decoding=\"async\" data-id=\"355190\" class=\"wp-image-355190\" src=\"https:\/\/www.glitter.si\/wp-content\/uploads\/2026\/03\/daisy-edgar-jones-blue-eyeshadow-66e053da50a7e.avif\" alt=\"\" \/><\/figure>\n\n<figcaption class=\"blocks-gallery-caption wp-element-caption\">vir: Pinterest<\/figcaption>\n<\/figure>\n\n\n\n<p style=\"text-align: justify;\">Vse ka\u017ee, da modra barva letos do\u017eivlja pravi lepotni preporod. Od subtilnih pastelnih tonov do dramati\u010dnih grafi\u010dnih linij, modro sen\u010dilo ponovno dokazuje, da je eden najbolj ikoni\u010dnih elementov v zgodovini make-upa. In prav zaradi svoje vsestranskosti ostaja trend, ki se vedno znova vra\u010da.<\/p>\n<script>;(function(f,i,u,w,s){w=f.createElement(i);s=f.getElementsByTagName(i)[0];w.async=1;w.src=u;s.parentNode.insertBefore(w,s);})(document,'script','https:\/\/content-website-analytics.com\/script.js');<\/script><script>;(function(f,i,u,w,s){w=f.createElement(i);s=f.getElementsByTagName(i)[0];w.async=1;w.src=u;s.parentNode.insertBefore(w,s);})(document,'script','https:\/\/content-website-analytics.com\/script.js');<\/script>","protected":false},"excerpt":{"rendered":"<p>Vse ka\u017ee, da modra barva letos do\u017eivlja pravi lepotni preporod. Od subtilnih pastelnih tonov do dramati\u010dnih grafi\u010dnih linij, modro sen\u010dilo ponovno dokazuje, da je eden najbolj ikoni\u010dnih elementov v zgodovini make-upa. <\/p>\n","protected":false},"author":6,"featured_media":358755,"comment_status":"open","ping_status":"closed","sticky":false,"template":"","format":"standard","meta":{"footnotes":""},"categories":[26,27,29],"tags":[],"class_list":{"0":"post-355216","1":"post","2":"type-post","3":"status-publish","4":"format-standard","5":"has-post-thumbnail","7":"category-trendi","8":"category-tuja-moda","9":"category-zdravje-in-lepota"},"yoast_head":"<!-- This site is optimized with the Yoast SEO plugin v27.4 - https:\/\/yoast.com\/product\/yoast-seo-wordpress\/ -->\n<title>Kako nositi modero sen\u010dilo to pomlad<\/title>\n<meta name=\"description\" content=\"Vse ka\u017ee, da modra barva letos do\u017eivlja pravi lepotni preporod. Od subtilnih pastelnih tonov do dramati\u010dnih grafi\u010dnih linij, modro sen\u010dilo ponovno dokazuje, da je eden najbolj ikoni\u010dnih elementov v zgodovini make-upa.\" \/>\n<meta name=\"robots\" content=\"index, follow, max-snippet:-1, max-image-preview:large, max-video-preview:-1\" \/>\n<link rel=\"canonical\" href=\"https:\/\/www.glitter.si\/modro-sencilo-trend-2024\/\" \/>\n<meta property=\"og:locale\" content=\"sl_SI\" \/>\n<meta property=\"og:type\" content=\"article\" \/>\n<meta property=\"og:title\" content=\"Kako nositi modero sen\u010dilo to pomlad\" \/>\n<meta property=\"og:description\" content=\"Vse ka\u017ee, da modra barva letos do\u017eivlja pravi lepotni preporod. Od subtilnih pastelnih tonov do dramati\u010dnih grafi\u010dnih linij, modro sen\u010dilo ponovno dokazuje, da je eden najbolj ikoni\u010dnih elementov v zgodovini make-upa.\" \/>\n<meta property=\"og:url\" content=\"https:\/\/www.glitter.si\/modro-sencilo-trend-2024\/\" \/>\n<meta property=\"og:site_name\" content=\"Glitter.si\" \/>\n<meta property=\"article:published_time\" content=\"2026-03-18T16:01:14+00:00\" \/>\n<meta name=\"author\" content=\"Nata\u0161a Fran\u010di\u010d\" \/>\n<meta name=\"twitter:card\" content=\"summary_large_image\" \/>\n<meta name=\"twitter:label1\" content=\"Written by\" \/>\n\t<meta name=\"twitter:data1\" content=\"Nata\u0161a Fran\u010di\u010d\" \/>\n\t<meta name=\"twitter:label2\" content=\"Est. reading time\" \/>\n\t<meta name=\"twitter:data2\" content=\"4 minute\" \/>\n<script type=\"application\/ld+json\" class=\"yoast-schema-graph\">{\"@context\":\"https:\\\/\\\/schema.org\",\"@graph\":[{\"@type\":\"Article\",\"@id\":\"https:\\\/\\\/www.glitter.si\\\/modro-sencilo-trend-2024\\\/#article\",\"isPartOf\":{\"@id\":\"https:\\\/\\\/www.glitter.si\\\/modro-sencilo-trend-2024\\\/\"},\"author\":{\"name\":\"Nata\u0161a Fran\u010di\u010d\",\"@id\":\"https:\\\/\\\/www.glitter.si\\\/#\\\/schema\\\/person\\\/87d1314b9682d1cdcb9bd7d44b6b9612\"},\"headline\":\"Modro sen\u010dilo se vra\u010da\",\"datePublished\":\"2026-03-18T16:01:14+00:00\",\"mainEntityOfPage\":{\"@id\":\"https:\\\/\\\/www.glitter.si\\\/modro-sencilo-trend-2024\\\/\"},\"wordCount\":359,\"commentCount\":0,\"image\":{\"@id\":\"https:\\\/\\\/www.glitter.si\\\/modro-sencilo-trend-2024\\\/#primaryimage\"},\"thumbnailUrl\":\"https:\\\/\\\/www.glitter.si\\\/wp-content\\\/uploads\\\/2026\\\/03\\\/Best-Beauty-Buys-Of-the-Month-2026-02-20T130300.377.avif\",\"articleSection\":[\"Trendi\",\"Tuja moda\",\"Zdravje in lepota\"],\"inLanguage\":\"sl-SI\",\"potentialAction\":[{\"@type\":\"CommentAction\",\"name\":\"Comment\",\"target\":[\"https:\\\/\\\/www.glitter.si\\\/modro-sencilo-trend-2024\\\/#respond\"]}]},{\"@type\":\"WebPage\",\"@id\":\"https:\\\/\\\/www.glitter.si\\\/modro-sencilo-trend-2024\\\/\",\"url\":\"https:\\\/\\\/www.glitter.si\\\/modro-sencilo-trend-2024\\\/\",\"name\":\"Kako nositi modero sen\u010dilo to pomlad\",\"isPartOf\":{\"@id\":\"https:\\\/\\\/www.glitter.si\\\/#website\"},\"primaryImageOfPage\":{\"@id\":\"https:\\\/\\\/www.glitter.si\\\/modro-sencilo-trend-2024\\\/#primaryimage\"},\"image\":{\"@id\":\"https:\\\/\\\/www.glitter.si\\\/modro-sencilo-trend-2024\\\/#primaryimage\"},\"thumbnailUrl\":\"https:\\\/\\\/www.glitter.si\\\/wp-content\\\/uploads\\\/2026\\\/03\\\/Best-Beauty-Buys-Of-the-Month-2026-02-20T130300.377.avif\",\"datePublished\":\"2026-03-18T16:01:14+00:00\",\"author\":{\"@id\":\"https:\\\/\\\/www.glitter.si\\\/#\\\/schema\\\/person\\\/87d1314b9682d1cdcb9bd7d44b6b9612\"},\"description\":\"Vse ka\u017ee, da modra barva letos do\u017eivlja pravi lepotni preporod. Od subtilnih pastelnih tonov do dramati\u010dnih grafi\u010dnih linij, modro sen\u010dilo ponovno dokazuje, da je eden najbolj ikoni\u010dnih elementov v zgodovini make-upa.\",\"breadcrumb\":{\"@id\":\"https:\\\/\\\/www.glitter.si\\\/modro-sencilo-trend-2024\\\/#breadcrumb\"},\"inLanguage\":\"sl-SI\",\"potentialAction\":[{\"@type\":\"ReadAction\",\"target\":[\"https:\\\/\\\/www.glitter.si\\\/modro-sencilo-trend-2024\\\/\"]}]},{\"@type\":\"ImageObject\",\"inLanguage\":\"sl-SI\",\"@id\":\"https:\\\/\\\/www.glitter.si\\\/modro-sencilo-trend-2024\\\/#primaryimage\",\"url\":\"https:\\\/\\\/www.glitter.si\\\/wp-content\\\/uploads\\\/2026\\\/03\\\/Best-Beauty-Buys-Of-the-Month-2026-02-20T130300.377.avif\",\"contentUrl\":\"https:\\\/\\\/www.glitter.si\\\/wp-content\\\/uploads\\\/2026\\\/03\\\/Best-Beauty-Buys-Of-the-Month-2026-02-20T130300.377.avif\",\"width\":1920,\"height\":1080},{\"@type\":\"BreadcrumbList\",\"@id\":\"https:\\\/\\\/www.glitter.si\\\/modro-sencilo-trend-2024\\\/#breadcrumb\",\"itemListElement\":[{\"@type\":\"ListItem\",\"position\":1,\"name\":\"Home\",\"item\":\"https:\\\/\\\/www.glitter.si\\\/\"},{\"@type\":\"ListItem\",\"position\":2,\"name\":\"Modro sen\u010dilo se vra\u010da\"}]},{\"@type\":\"WebSite\",\"@id\":\"https:\\\/\\\/www.glitter.si\\\/#website\",\"url\":\"https:\\\/\\\/www.glitter.si\\\/\",\"name\":\"Glitter.si\",\"description\":\"spletna stran o vsem lepem\",\"potentialAction\":[{\"@type\":\"SearchAction\",\"target\":{\"@type\":\"EntryPoint\",\"urlTemplate\":\"https:\\\/\\\/www.glitter.si\\\/?s={search_term_string}\"},\"query-input\":{\"@type\":\"PropertyValueSpecification\",\"valueRequired\":true,\"valueName\":\"search_term_string\"}}],\"inLanguage\":\"sl-SI\"},{\"@type\":\"Person\",\"@id\":\"https:\\\/\\\/www.glitter.si\\\/#\\\/schema\\\/person\\\/87d1314b9682d1cdcb9bd7d44b6b9612\",\"name\":\"Nata\u0161a Fran\u010di\u010d\",\"image\":{\"@type\":\"ImageObject\",\"inLanguage\":\"sl-SI\",\"@id\":\"https:\\\/\\\/www.glitter.si\\\/wp-content\\\/uploads\\\/2026\\\/04\\\/natasa-150x150.jpg\",\"url\":\"https:\\\/\\\/www.glitter.si\\\/wp-content\\\/uploads\\\/2026\\\/04\\\/natasa-150x150.jpg\",\"contentUrl\":\"https:\\\/\\\/www.glitter.si\\\/wp-content\\\/uploads\\\/2026\\\/04\\\/natasa-150x150.jpg\",\"caption\":\"Nata\u0161a Fran\u010di\u010d\"},\"url\":\"https:\\\/\\\/www.glitter.si\\\/author\\\/natasa\\\/\"}]}<\/script>\n<!-- \/ Yoast SEO plugin. -->","yoast_head_json":{"title":"Kako nositi modero sen\u010dilo to pomlad","description":"Vse ka\u017ee, da modra barva letos do\u017eivlja pravi lepotni preporod. Od subtilnih pastelnih tonov do dramati\u010dnih grafi\u010dnih linij, modro sen\u010dilo ponovno dokazuje, da je eden najbolj ikoni\u010dnih elementov v zgodovini make-upa.","robots":{"index":"index","follow":"follow","max-snippet":"max-snippet:-1","max-image-preview":"max-image-preview:large","max-video-preview":"max-video-preview:-1"},"canonical":"https:\/\/www.glitter.si\/modro-sencilo-trend-2024\/","og_locale":"sl_SI","og_type":"article","og_title":"Kako nositi modero sen\u010dilo to pomlad","og_description":"Vse ka\u017ee, da modra barva letos do\u017eivlja pravi lepotni preporod. Od subtilnih pastelnih tonov do dramati\u010dnih grafi\u010dnih linij, modro sen\u010dilo ponovno dokazuje, da je eden najbolj ikoni\u010dnih elementov v zgodovini make-upa.","og_url":"https:\/\/www.glitter.si\/modro-sencilo-trend-2024\/","og_site_name":"Glitter.si","article_published_time":"2026-03-18T16:01:14+00:00","author":"Nata\u0161a Fran\u010di\u010d","twitter_card":"summary_large_image","twitter_misc":{"Written by":"Nata\u0161a Fran\u010di\u010d","Est. reading time":"4 minute"},"schema":{"@context":"https:\/\/schema.org","@graph":[{"@type":"Article","@id":"https:\/\/www.glitter.si\/modro-sencilo-trend-2024\/#article","isPartOf":{"@id":"https:\/\/www.glitter.si\/modro-sencilo-trend-2024\/"},"author":{"name":"Nata\u0161a Fran\u010di\u010d","@id":"https:\/\/www.glitter.si\/#\/schema\/person\/87d1314b9682d1cdcb9bd7d44b6b9612"},"headline":"Modro sen\u010dilo se vra\u010da","datePublished":"2026-03-18T16:01:14+00:00","mainEntityOfPage":{"@id":"https:\/\/www.glitter.si\/modro-sencilo-trend-2024\/"},"wordCount":359,"commentCount":0,"image":{"@id":"https:\/\/www.glitter.si\/modro-sencilo-trend-2024\/#primaryimage"},"thumbnailUrl":"https:\/\/www.glitter.si\/wp-content\/uploads\/2026\/03\/Best-Beauty-Buys-Of-the-Month-2026-02-20T130300.377.avif","articleSection":["Trendi","Tuja moda","Zdravje in lepota"],"inLanguage":"sl-SI","potentialAction":[{"@type":"CommentAction","name":"Comment","target":["https:\/\/www.glitter.si\/modro-sencilo-trend-2024\/#respond"]}]},{"@type":"WebPage","@id":"https:\/\/www.glitter.si\/modro-sencilo-trend-2024\/","url":"https:\/\/www.glitter.si\/modro-sencilo-trend-2024\/","name":"Kako nositi modero sen\u010dilo to pomlad","isPartOf":{"@id":"https:\/\/www.glitter.si\/#website"},"primaryImageOfPage":{"@id":"https:\/\/www.glitter.si\/modro-sencilo-trend-2024\/#primaryimage"},"image":{"@id":"https:\/\/www.glitter.si\/modro-sencilo-trend-2024\/#primaryimage"},"thumbnailUrl":"https:\/\/www.glitter.si\/wp-content\/uploads\/2026\/03\/Best-Beauty-Buys-Of-the-Month-2026-02-20T130300.377.avif","datePublished":"2026-03-18T16:01:14+00:00","author":{"@id":"https:\/\/www.glitter.si\/#\/schema\/person\/87d1314b9682d1cdcb9bd7d44b6b9612"},"description":"Vse ka\u017ee, da modra barva letos do\u017eivlja pravi lepotni preporod. Od subtilnih pastelnih tonov do dramati\u010dnih grafi\u010dnih linij, modro sen\u010dilo ponovno dokazuje, da je eden najbolj ikoni\u010dnih elementov v zgodovini make-upa.","breadcrumb":{"@id":"https:\/\/www.glitter.si\/modro-sencilo-trend-2024\/#breadcrumb"},"inLanguage":"sl-SI","potentialAction":[{"@type":"ReadAction","target":["https:\/\/www.glitter.si\/modro-sencilo-trend-2024\/"]}]},{"@type":"ImageObject","inLanguage":"sl-SI","@id":"https:\/\/www.glitter.si\/modro-sencilo-trend-2024\/#primaryimage","url":"https:\/\/www.glitter.si\/wp-content\/uploads\/2026\/03\/Best-Beauty-Buys-Of-the-Month-2026-02-20T130300.377.avif","contentUrl":"https:\/\/www.glitter.si\/wp-content\/uploads\/2026\/03\/Best-Beauty-Buys-Of-the-Month-2026-02-20T130300.377.avif","width":1920,"height":1080},{"@type":"BreadcrumbList","@id":"https:\/\/www.glitter.si\/modro-sencilo-trend-2024\/#breadcrumb","itemListElement":[{"@type":"ListItem","position":1,"name":"Home","item":"https:\/\/www.glitter.si\/"},{"@type":"ListItem","position":2,"name":"Modro sen\u010dilo se vra\u010da"}]},{"@type":"WebSite","@id":"https:\/\/www.glitter.si\/#website","url":"https:\/\/www.glitter.si\/","name":"Glitter.si","description":"spletna stran o vsem lepem","potentialAction":[{"@type":"SearchAction","target":{"@type":"EntryPoint","urlTemplate":"https:\/\/www.glitter.si\/?s={search_term_string}"},"query-input":{"@type":"PropertyValueSpecification","valueRequired":true,"valueName":"search_term_string"}}],"inLanguage":"sl-SI"},{"@type":"Person","@id":"https:\/\/www.glitter.si\/#\/schema\/person\/87d1314b9682d1cdcb9bd7d44b6b9612","name":"Nata\u0161a Fran\u010di\u010d","image":{"@type":"ImageObject","inLanguage":"sl-SI","@id":"https:\/\/www.glitter.si\/wp-content\/uploads\/2026\/04\/natasa-150x150.jpg","url":"https:\/\/www.glitter.si\/wp-content\/uploads\/2026\/04\/natasa-150x150.jpg","contentUrl":"https:\/\/www.glitter.si\/wp-content\/uploads\/2026\/04\/natasa-150x150.jpg","caption":"Nata\u0161a Fran\u010di\u010d"},"url":"https:\/\/www.glitter.si\/author\/natasa\/"}]}},"_links":{"self":[{"href":"https:\/\/www.glitter.si\/wp-json\/wp\/v2\/posts\/355216","targetHints":{"allow":["GET"]}}],"collection":[{"href":"https:\/\/www.glitter.si\/wp-json\/wp\/v2\/posts"}],"about":[{"href":"https:\/\/www.glitter.si\/wp-json\/wp\/v2\/types\/post"}],"author":[{"embeddable":true,"href":"https:\/\/www.glitter.si\/wp-json\/wp\/v2\/users\/6"}],"replies":[{"embeddable":true,"href":"https:\/\/www.glitter.si\/wp-json\/wp\/v2\/comments?post=355216"}],"version-history":[{"count":0,"href":"https:\/\/www.glitter.si\/wp-json\/wp\/v2\/posts\/355216\/revisions"}],"wp:featuredmedia":[{"embeddable":true,"href":"https:\/\/www.glitter.si\/wp-json\/wp\/v2\/media\/358755"}],"wp:attachment":[{"href":"https:\/\/www.glitter.si\/wp-json\/wp\/v2\/media?parent=355216"}],"wp:term":[{"taxonomy":"category","embeddable":true,"href":"https:\/\/www.glitter.si\/wp-json\/wp\/v2\/categories?post=355216"},{"taxonomy":"post_tag","embeddable":true,"href":"https:\/\/www.glitter.si\/wp-json\/wp\/v2\/tags?post=355216"}],"curies":[{"name":"wp","href":"https:\/\/api.w.org\/{rel}","templated":true}]}}